{"id":1317,"date":"2014-05-06T10:17:34","date_gmt":"2014-05-06T10:17:34","guid":{"rendered":"http:\/\/www.autismomalaga.org\/wordpress\/?p=1317"},"modified":"2021-03-10T21:59:05","modified_gmt":"2021-03-10T20:59:05","slug":"dia-mundial-de-la-concienciacion-sobre-el-autismo-2014-2","status":"publish","type":"post","link":"https:\/\/www.autismomalaga.org\/web\/?p=1317","title":{"rendered":"D\u00eda Mundial de la Concienciaci\u00f3n sobre el Autismo 2014"},"content":{"rendered":"<p>El 2 de abril del 2014 fue el de d\u00eda mundial de la Concienciaci\u00f3n del Autismo 2014, en esta noticia podr\u00e1 descargarse el manifiesto 2014 y ver el apoyo de diferentes celebridades<\/p>\n<p>[wpfilebase tag=list id=18 pagenav=1 \/]<\/p>\n<p><!-- index.php -->\n<div\n\tclass=\"ngg-galleryoverview\n\t ngg-ajax-pagination-none\t\"\n\tid=\"ngg-gallery-410732161612597146eb84ea1c9ec52f-1\">\n\n\t\t\t<!-- Thumbnails -->\n\t\t\t\t<div id=\"ngg-image-0\" class=\"ngg-gallery-thumbnail-box\"\n\t\t\t\t\t\t\t\t\t\t\t>\n\t\t\t\t\t\t<div class=\"ngg-gallery-thumbnail\">\n\t\t\t<a href=\"https:\/\/www.autismomalaga.org\/web\/wp-content\/gallery\/manifiesto-2014\/mastercantero-def.jpg\"\n\t\t\t\ttitle=\"\"\n\t\t\t\tdata-src=\"https:\/\/www.autismomalaga.org\/web\/wp-content\/gallery\/manifiesto-2014\/mastercantero-def.jpg\"\n\t\t\t\tdata-thumbnail=\"https:\/\/www.autismomalaga.org\/web\/wp-content\/gallery\/manifiesto-2014\/thumbs\/thumbs_mastercantero-def.jpg\"\n\t\t\t\tdata-image-id=\"68\"\n\t\t\t\tdata-title=\"mastercantero def\"\n\t\t\t\tdata-description=\"\"\n\t\t\t\tdata-image-slug=\"mastercantero-def\"\n\t\t\t\t\t\t\t\t\t\t\t\t\t\t\t\t\t\t\t\tclass=\"ngg-fancybox\" rel=\"410732161612597146eb84ea1c9ec52f\">\n\t\t\t\t\t\t\t\t<img\n\t\t\t\t\ttitle=\"mastercantero def\"\n\t\t\t\t\talt=\"mastercantero def\"\n\t\t\t\t\tsrc=\"https:\/\/www.autismomalaga.org\/web\/wp-content\/gallery\/manifiesto-2014\/thumbs\/thumbs_mastercantero-def.jpg\"\n\t\t\t\t\twidth=\"120\"\n\t\t\t\t\theight=\"90\"\n\t\t\t\t\tstyle=\"max-width:100%;\"\n\t\t\t\t\/>\n\t\t\t<\/a>\n\t\t<\/div>\n\t\t\t\t\t\t\t<\/div>\n\t\t\t\n\t\t\n\t\t\t\t<div id=\"ngg-image-1\" class=\"ngg-gallery-thumbnail-box\"\n\t\t\t\t\t\t\t\t\t\t\t>\n\t\t\t\t\t\t<div class=\"ngg-gallery-thumbnail\">\n\t\t\t<a href=\"https:\/\/www.autismomalaga.org\/web\/wp-content\/gallery\/manifiesto-2014\/mastercobos-def.jpg\"\n\t\t\t\ttitle=\" \"\n\t\t\t\tdata-src=\"https:\/\/www.autismomalaga.org\/web\/wp-content\/gallery\/manifiesto-2014\/mastercobos-def.jpg\"\n\t\t\t\tdata-thumbnail=\"https:\/\/www.autismomalaga.org\/web\/wp-content\/gallery\/manifiesto-2014\/thumbs\/thumbs_mastercobos-def.jpg\"\n\t\t\t\tdata-image-id=\"69\"\n\t\t\t\tdata-title=\"mastercobos def\"\n\t\t\t\tdata-description=\" \"\n\t\t\t\tdata-image-slug=\"mastercobos-def\"\n\t\t\t\t\t\t\t\t\t\t\t\t\t\t\t\t\t\t\t\tclass=\"ngg-fancybox\" rel=\"410732161612597146eb84ea1c9ec52f\">\n\t\t\t\t\t\t\t\t<img\n\t\t\t\t\ttitle=\"mastercobos def\"\n\t\t\t\t\talt=\"mastercobos def\"\n\t\t\t\t\tsrc=\"https:\/\/www.autismomalaga.org\/web\/wp-content\/gallery\/manifiesto-2014\/thumbs\/thumbs_mastercobos-def.jpg\"\n\t\t\t\t\twidth=\"120\"\n\t\t\t\t\theight=\"90\"\n\t\t\t\t\tstyle=\"max-width:100%;\"\n\t\t\t\t\/>\n\t\t\t<\/a>\n\t\t<\/div>\n\t\t\t\t\t\t\t<\/div>\n\t\t\t\n\t\t\n\t\t\t\t<div id=\"ngg-image-2\" class=\"ngg-gallery-thumbnail-box\"\n\t\t\t\t\t\t\t\t\t\t\t>\n\t\t\t\t\t\t<div class=\"ngg-gallery-thumbnail\">\n\t\t\t<a href=\"https:\/\/www.autismomalaga.org\/web\/wp-content\/gallery\/manifiesto-2014\/masternadia-def.jpg\"\n\t\t\t\ttitle=\" \"\n\t\t\t\tdata-src=\"https:\/\/www.autismomalaga.org\/web\/wp-content\/gallery\/manifiesto-2014\/masternadia-def.jpg\"\n\t\t\t\tdata-thumbnail=\"https:\/\/www.autismomalaga.org\/web\/wp-content\/gallery\/manifiesto-2014\/thumbs\/thumbs_masternadia-def.jpg\"\n\t\t\t\tdata-image-id=\"70\"\n\t\t\t\tdata-title=\"masternadia def\"\n\t\t\t\tdata-description=\" \"\n\t\t\t\tdata-image-slug=\"masternadia-def\"\n\t\t\t\t\t\t\t\t\t\t\t\t\t\t\t\t\t\t\t\tclass=\"ngg-fancybox\" rel=\"410732161612597146eb84ea1c9ec52f\">\n\t\t\t\t\t\t\t\t<img\n\t\t\t\t\ttitle=\"masternadia def\"\n\t\t\t\t\talt=\"masternadia def\"\n\t\t\t\t\tsrc=\"https:\/\/www.autismomalaga.org\/web\/wp-content\/gallery\/manifiesto-2014\/thumbs\/thumbs_masternadia-def.jpg\"\n\t\t\t\t\twidth=\"120\"\n\t\t\t\t\theight=\"90\"\n\t\t\t\t\tstyle=\"max-width:100%;\"\n\t\t\t\t\/>\n\t\t\t<\/a>\n\t\t<\/div>\n\t\t\t\t\t\t\t<\/div>\n\t\t\t\n\t\t\n\t\t\t\t<div id=\"ngg-image-3\" class=\"ngg-gallery-thumbnail-box\"\n\t\t\t\t\t\t\t\t\t\t\t>\n\t\t\t\t\t\t<div class=\"ngg-gallery-thumbnail\">\n\t\t\t<a href=\"https:\/\/www.autismomalaga.org\/web\/wp-content\/gallery\/manifiesto-2014\/CONOCES-EL-AUTISMO.jpg\"\n\t\t\t\ttitle=\" \"\n\t\t\t\tdata-src=\"https:\/\/www.autismomalaga.org\/web\/wp-content\/gallery\/manifiesto-2014\/CONOCES-EL-AUTISMO.jpg\"\n\t\t\t\tdata-thumbnail=\"https:\/\/www.autismomalaga.org\/web\/wp-content\/gallery\/manifiesto-2014\/thumbs\/thumbs_CONOCES-EL-AUTISMO.jpg\"\n\t\t\t\tdata-image-id=\"71\"\n\t\t\t\tdata-title=\"CONOCES EL AUTISMO\"\n\t\t\t\tdata-description=\" \"\n\t\t\t\tdata-image-slug=\"conoces-el-autismo\"\n\t\t\t\t\t\t\t\t\t\t\t\t\t\t\t\t\t\t\t\tclass=\"ngg-fancybox\" rel=\"410732161612597146eb84ea1c9ec52f\">\n\t\t\t\t\t\t\t\t<img\n\t\t\t\t\ttitle=\"CONOCES EL AUTISMO\"\n\t\t\t\t\talt=\"CONOCES EL AUTISMO\"\n\t\t\t\t\tsrc=\"https:\/\/www.autismomalaga.org\/web\/wp-content\/gallery\/manifiesto-2014\/thumbs\/thumbs_CONOCES-EL-AUTISMO.jpg\"\n\t\t\t\t\twidth=\"120\"\n\t\t\t\t\theight=\"90\"\n\t\t\t\t\tstyle=\"max-width:100%;\"\n\t\t\t\t\/>\n\t\t\t<\/a>\n\t\t<\/div>\n\t\t\t\t\t\t\t<\/div>\n\t\t\t\n\t\t\n\t\t\n\t\t<!-- Pagination -->\n\t\t<div class='ngg-clear'><\/div>\t<\/div>\n<\/p>\n","protected":false},"excerpt":{"rendered":"<p>El 2 de abril del 2014 fue el de d\u00eda mundial de la Concienciaci\u00f3n del Autismo 2014, en esta noticia podr\u00e1 descargarse el manifiesto 2014 y ver el apoyo de [&hellip;]<\/p>\n","protected":false},"author":1,"featured_media":1318,"comment_status":"open","ping_status":"open","sticky":false,"template":"","format":"standard","meta":{"give_campaign_id":0,"ngg_post_thumbnail":0,"_EventAllDay":false,"_EventTimezone":"","_EventStartDate":"","_EventEndDate":"","_EventStartDateUTC":"","_EventEndDateUTC":"","_EventShowMap":false,"_EventShowMapLink":false,"_EventURL":"","_EventCost":"","_EventCostDescription":"","_EventCurrencySymbol":"","_EventCurrencyCode":"","_EventCurrencyPosition":"","_EventDateTimeSeparator":"","_EventTimeRangeSeparator":"","_EventOrganizerID":[],"_EventVenueID":[],"_OrganizerEmail":"","_OrganizerPhone":"","_OrganizerWebsite":"","_VenueAddress":"","_VenueCity":"","_VenueCountry":"","_VenueProvince":"","_VenueState":"","_VenueZip":"","_VenuePhone":"","_VenueURL":"","_VenueStateProvince":"","_VenueLat":"","_VenueLng":"","_VenueShowMap":false,"_VenueShowMapLink":false,"_jetpack_memberships_contains_paid_content":false,"footnotes":""},"categories":[4,6],"tags":[],"class_list":["post-1317","post","type-post","status-publish","format-standard","has-post-thumbnail","hentry","category-entradas-columna-2","category-ultimas-noticias"],"jetpack_featured_media_url":"https:\/\/www.autismomalaga.org\/web\/wp-content\/uploads\/2014\/05\/manifiesto_2014.jpg","jetpack_sharing_enabled":true,"_links":{"self":[{"href":"https:\/\/www.autismomalaga.org\/web\/index.php?rest_route=\/wp\/v2\/posts\/1317","targetHints":{"allow":["GET"]}}],"collection":[{"href":"https:\/\/www.autismomalaga.org\/web\/index.php?rest_route=\/wp\/v2\/posts"}],"about":[{"href":"https:\/\/www.autismomalaga.org\/web\/index.php?rest_route=\/wp\/v2\/types\/post"}],"author":[{"embeddable":true,"href":"https:\/\/www.autismomalaga.org\/web\/index.php?rest_route=\/wp\/v2\/users\/1"}],"replies":[{"embeddable":true,"href":"https:\/\/www.autismomalaga.org\/web\/index.php?rest_route=%2Fwp%2Fv2%2Fcomments&post=1317"}],"version-history":[{"count":5,"href":"https:\/\/www.autismomalaga.org\/web\/index.php?rest_route=\/wp\/v2\/posts\/1317\/revisions"}],"predecessor-version":[{"id":8826,"href":"https:\/\/www.autismomalaga.org\/web\/index.php?rest_route=\/wp\/v2\/posts\/1317\/revisions\/8826"}],"wp:featuredmedia":[{"embeddable":true,"href":"https:\/\/www.autismomalaga.org\/web\/index.php?rest_route=\/wp\/v2\/media\/1318"}],"wp:attachment":[{"href":"https:\/\/www.autismomalaga.org\/web\/index.php?rest_route=%2Fwp%2Fv2%2Fmedia&parent=1317"}],"wp:term":[{"taxonomy":"category","embeddable":true,"href":"https:\/\/www.autismomalaga.org\/web\/index.php?rest_route=%2Fwp%2Fv2%2Fcategories&post=1317"},{"taxonomy":"post_tag","embeddable":true,"href":"https:\/\/www.autismomalaga.org\/web\/index.php?rest_route=%2Fwp%2Fv2%2Ftags&post=1317"}],"curies":[{"name":"wp","href":"https:\/\/api.w.org\/{rel}","templated":true}]}}