{"id":1486,"date":"2014-10-06T18:28:49","date_gmt":"2014-10-06T18:28:49","guid":{"rendered":"http:\/\/www.autismomalaga.org\/web\/?p=1486"},"modified":"2014-11-27T15:54:35","modified_gmt":"2014-11-27T15:54:35","slug":"calendario-benefico-2015","status":"publish","type":"post","link":"https:\/\/www.autismomalaga.org\/web\/?p=1486","title":{"rendered":"Aqu\u00ed ten\u00e9is vuestro calendario Autismo M\u00e1laga 2015"},"content":{"rendered":"<p> Los puntos para adquirir vuestro calendario<\/p>\n<p>&#8211; Tiendas copyrap de la provincia de M\u00e1laga: www.copyrap.com<\/p>\n<p>&#8211; Centro de peluquer\u00eda y est\u00e9tica: www.sandralopez.es<\/p>\n<p>&#8211; Centro de peluquer\u00eda y est\u00e9tica: www.centrodebellezapatriciapedraza.com<\/p>\n<p>&#8211; Estudio de fotograf\u00eda: www.fotodigitaldiscount.es (La Uni\u00f3n)<\/p>\n<p>&#8211; Papeler\u00eda Laura II: Avenida Lope de Rueda, 59 (Puerto de la Torre)<\/p>\n<p>Y para tod@s l@s que dese\u00e9is alg\u00fan calendario fuera de de M\u00e1laga, se le puede enviar a cualquier provincia de la pen\u00ednsula con el siguiente coste adicional:<br \/>\n&#8211; Cantidad de 1 a 3 calendarios, coste adicional de 2.03 euros.<br \/>\n&#8211; Cantidad de 4 a 6 calendarios, coste adicional de 4.58 euros.<\/p>\n<p>Para ampliar informaci\u00f3n sobre pedidos especiales pod\u00e9is hacerlo a trav\u00e9s del correo Sede Autismo Malaga: sedesocialautismomalaga@gmail.com<\/p>\n","protected":false},"excerpt":{"rendered":"<p>Los puntos para adquirir vuestro calendario &#8211; Tiendas copyrap de la provincia de M\u00e1laga: www.copyrap.com &#8211; Centro de peluquer\u00eda y est\u00e9tica: www.sandralopez.es &#8211; Centro de peluquer\u00eda y est\u00e9tica: www.centrodebellezapatriciapedraza.com &#8211; [&hellip;]<\/p>\n","protected":false},"author":1,"featured_media":1510,"comment_status":"open","ping_status":"open","sticky":false,"template":"","format":"standard","meta":{"give_campaign_id":0,"ngg_post_thumbnail":0,"_EventAllDay":false,"_EventTimezone":"","_EventStartDate":"","_EventEndDate":"","_EventStartDateUTC":"","_EventEndDateUTC":"","_EventShowMap":false,"_EventShowMapLink":false,"_EventURL":"","_EventCost":"","_EventCostDescription":"","_EventCurrencySymbol":"","_EventCurrencyCode":"","_EventCurrencyPosition":"","_EventDateTimeSeparator":"","_EventTimeRangeSeparator":"","_EventOrganizerID":[],"_EventVenueID":[],"_OrganizerEmail":"","_OrganizerPhone":"","_OrganizerWebsite":"","_VenueAddress":"","_VenueCity":"","_VenueCountry":"","_VenueProvince":"","_VenueState":"","_VenueZip":"","_VenuePhone":"","_VenueURL":"","_VenueStateProvince":"","_VenueLat":"","_VenueLng":"","_VenueShowMap":false,"_VenueShowMapLink":false,"_jetpack_memberships_contains_paid_content":false,"footnotes":""},"categories":[1,6],"tags":[],"class_list":["post-1486","post","type-post","status-publish","format-standard","has-post-thumbnail","hentry","category-sin-categoria","category-ultimas-noticias"],"jetpack_featured_media_url":"https:\/\/www.autismomalaga.org\/web\/wp-content\/uploads\/2014\/10\/IMG_9969.jpg","jetpack_sharing_enabled":true,"_links":{"self":[{"href":"https:\/\/www.autismomalaga.org\/web\/index.php?rest_route=\/wp\/v2\/posts\/1486","targetHints":{"allow":["GET"]}}],"collection":[{"href":"https:\/\/www.autismomalaga.org\/web\/index.php?rest_route=\/wp\/v2\/posts"}],"about":[{"href":"https:\/\/www.autismomalaga.org\/web\/index.php?rest_route=\/wp\/v2\/types\/post"}],"author":[{"embeddable":true,"href":"https:\/\/www.autismomalaga.org\/web\/index.php?rest_route=\/wp\/v2\/users\/1"}],"replies":[{"embeddable":true,"href":"https:\/\/www.autismomalaga.org\/web\/index.php?rest_route=%2Fwp%2Fv2%2Fcomments&post=1486"}],"version-history":[{"count":4,"href":"https:\/\/www.autismomalaga.org\/web\/index.php?rest_route=\/wp\/v2\/posts\/1486\/revisions"}],"predecessor-version":[{"id":1513,"href":"https:\/\/www.autismomalaga.org\/web\/index.php?rest_route=\/wp\/v2\/posts\/1486\/revisions\/1513"}],"wp:featuredmedia":[{"embeddable":true,"href":"https:\/\/www.autismomalaga.org\/web\/index.php?rest_route=\/wp\/v2\/media\/1510"}],"wp:attachment":[{"href":"https:\/\/www.autismomalaga.org\/web\/index.php?rest_route=%2Fwp%2Fv2%2Fmedia&parent=1486"}],"wp:term":[{"taxonomy":"category","embeddable":true,"href":"https:\/\/www.autismomalaga.org\/web\/index.php?rest_route=%2Fwp%2Fv2%2Fcategories&post=1486"},{"taxonomy":"post_tag","embeddable":true,"href":"https:\/\/www.autismomalaga.org\/web\/index.php?rest_route=%2Fwp%2Fv2%2Ftags&post=1486"}],"curies":[{"name":"wp","href":"https:\/\/api.w.org\/{rel}","templated":true}]}}