{"id":1496,"date":"2014-11-27T15:44:27","date_gmt":"2014-11-27T15:44:27","guid":{"rendered":"http:\/\/www.autismomalaga.org\/web\/?p=1496"},"modified":"2014-11-27T15:44:27","modified_gmt":"2014-11-27T15:44:27","slug":"presentacion-calendario-benefico-2015","status":"publish","type":"post","link":"https:\/\/www.autismomalaga.org\/web\/?p=1496","title":{"rendered":"Presentaci\u00f3n Calendario Ben\u00e9fico 2015"},"content":{"rendered":"<p>El pasado Jueves d\u00eda 13 de Noviembre a las 19:00horas tuvo lugar en las Bodegas \u00abel Pimpi\u00bb la presentaci\u00f3n del calendario solidario de la Asociaci\u00f3n Autismo M\u00e1laga 2015, con el af\u00e1n por difundir el Autismo y al mismo tiempo recaudar fondos que nos ayuden a continuar trabajando y hacer realidad nuestros proyectos.<br \/>\nEn \u00e9l aparecen personas afectadas con Autismo acompa\u00f1adas de algunos de nuestros malague\u00f1os m\u00e1s queridos que no dudaron ni un segundo en colaborar con nosotros.<br \/>\nEl calendario tendr\u00e1 el donativo de 5 euros y estar\u00e1n a disposici\u00f3n en la sede de Quintalegre como tambi\u00e9n en todas las tiendas oficiales de copyrap.<br \/>\nGracias a todos y esperemos que sea de su agrado!!!!<\/p>\n","protected":false},"excerpt":{"rendered":"<p>El pasado Jueves d\u00eda 13 de Noviembre a las 19:00horas tuvo lugar en las Bodegas \u00abel Pimpi\u00bb la presentaci\u00f3n del calendario solidario de la Asociaci\u00f3n Autismo M\u00e1laga 2015, con el [&hellip;]<\/p>\n","protected":false},"author":1,"featured_media":1506,"comment_status":"open","ping_status":"open","sticky":false,"template":"","format":"standard","meta":{"give_campaign_id":0,"ngg_post_thumbnail":0,"_EventAllDay":false,"_EventTimezone":"","_EventStartDate":"","_EventEndDate":"","_EventStartDateUTC":"","_EventEndDateUTC":"","_EventShowMap":false,"_EventShowMapLink":false,"_EventURL":"","_EventCost":"","_EventCostDescription":"","_EventCurrencySymbol":"","_EventCurrencyCode":"","_EventCurrencyPosition":"","_EventDateTimeSeparator":"","_EventTimeRangeSeparator":"","_EventOrganizerID":[],"_EventVenueID":[],"_OrganizerEmail":"","_OrganizerPhone":"","_OrganizerWebsite":"","_VenueAddress":"","_VenueCity":"","_VenueCountry":"","_VenueProvince":"","_VenueState":"","_VenueZip":"","_VenuePhone":"","_VenueURL":"","_VenueStateProvince":"","_VenueLat":"","_VenueLng":"","_VenueShowMap":false,"_VenueShowMapLink":false,"_jetpack_memberships_contains_paid_content":false,"footnotes":""},"categories":[1,6],"tags":[],"class_list":["post-1496","post","type-post","status-publish","format-standard","has-post-thumbnail","hentry","category-sin-categoria","category-ultimas-noticias"],"jetpack_featured_media_url":"https:\/\/www.autismomalaga.org\/web\/wp-content\/uploads\/2014\/11\/presentaci\u00f3n-calendario.jpg","jetpack_sharing_enabled":true,"_links":{"self":[{"href":"https:\/\/www.autismomalaga.org\/web\/index.php?rest_route=\/wp\/v2\/posts\/1496","targetHints":{"allow":["GET"]}}],"collection":[{"href":"https:\/\/www.autismomalaga.org\/web\/index.php?rest_route=\/wp\/v2\/posts"}],"about":[{"href":"https:\/\/www.autismomalaga.org\/web\/index.php?rest_route=\/wp\/v2\/types\/post"}],"author":[{"embeddable":true,"href":"https:\/\/www.autismomalaga.org\/web\/index.php?rest_route=\/wp\/v2\/users\/1"}],"replies":[{"embeddable":true,"href":"https:\/\/www.autismomalaga.org\/web\/index.php?rest_route=%2Fwp%2Fv2%2Fcomments&post=1496"}],"version-history":[{"count":1,"href":"https:\/\/www.autismomalaga.org\/web\/index.php?rest_route=\/wp\/v2\/posts\/1496\/revisions"}],"predecessor-version":[{"id":1507,"href":"https:\/\/www.autismomalaga.org\/web\/index.php?rest_route=\/wp\/v2\/posts\/1496\/revisions\/1507"}],"wp:featuredmedia":[{"embeddable":true,"href":"https:\/\/www.autismomalaga.org\/web\/index.php?rest_route=\/wp\/v2\/media\/1506"}],"wp:attachment":[{"href":"https:\/\/www.autismomalaga.org\/web\/index.php?rest_route=%2Fwp%2Fv2%2Fmedia&parent=1496"}],"wp:term":[{"taxonomy":"category","embeddable":true,"href":"https:\/\/www.autismomalaga.org\/web\/index.php?rest_route=%2Fwp%2Fv2%2Fcategories&post=1496"},{"taxonomy":"post_tag","embeddable":true,"href":"https:\/\/www.autismomalaga.org\/web\/index.php?rest_route=%2Fwp%2Fv2%2Ftags&post=1496"}],"curies":[{"name":"wp","href":"https:\/\/api.w.org\/{rel}","templated":true}]}}