{"id":1498,"date":"2014-11-27T13:20:38","date_gmt":"2014-11-27T13:20:38","guid":{"rendered":"http:\/\/www.autismomalaga.org\/web\/?p=1498"},"modified":"2014-11-27T14:31:17","modified_gmt":"2014-11-27T14:31:17","slug":"ii-torneo-benefico-por-ellos-a-beneficio-de-autismo-malaga","status":"publish","type":"post","link":"https:\/\/www.autismomalaga.org\/web\/?p=1498","title":{"rendered":"II Torneo Ben\u00e9fico \u00abPor ellos\u00bb a beneficio de Autismo M\u00e1laga."},"content":{"rendered":"<p>El pr\u00f3ximo s\u00e1bado 29 de noviembre se celebrar\u00e1 en el distrito malague\u00f1o de Palma Palmilla la segunda edici\u00f3n del Torneo de F\u00fatbol &#8216;Por ellos&#8217;, a beneficio de la Asociaci\u00f3n Autismo M\u00e1laga.<\/p>\n<p>El campo de f\u00fatbol 26 de febrero acoger\u00e1 esta cita gratuita donde se conjugan deporte y solidaridad entre las 9.00 y las 11.00 horas de este s\u00e1bado. A lo largo de la ma\u00f1ana se jugar\u00e1n cuatro partidos, los correspondientes a las dos semifinales, el que decidir\u00e1 el equipo ganador y el que fije los puestos tercero y cuarto.<\/p>\n<p>Los cuatro equipos que se enfrentar\u00e1n para recaudar fondos para la Asociaci\u00f3n Autismo M\u00e1laga est\u00e1n integrados por miembros de los cuatro colegios profesionales que hacen posible este acontecimiento solidario: Administradores de Fincas, Graduados Sociales, Abogados e Ingenieros T\u00e9cnicos industriales.<\/p>\n<p>Adem\u00e1s de la aportaci\u00f3n humana y material de los colegiados, la ciudadan\u00eda podr\u00e1 contribuir a trav\u00e9s de la fila cero, efectuando ingresos en la cuenta de la Caja Rural de Granada ES16 3023 0400 8259 9453 3304.<\/p>\n<p>Esta es una iniciativa del Colegio Territorial de Administradores de Fincas de M\u00e1laga y Melilla y que cuenta con la colaboraci\u00f3n de la Junta Municipal de Distrito de Palma-Palmilla, el Colegio Oficial de Graduados Sociales de M\u00e1laga y Melilla, el Colegio Oficial de Peritos e Ingenieros T\u00e9cnicos Industriales de M\u00e1laga, el Colegio de Abogados, el Club deportivo 26 de febrero y La Chistera Comunicaci\u00f3n y Eventos.<\/p>\n","protected":false},"excerpt":{"rendered":"<p>El pr\u00f3ximo s\u00e1bado 29 de noviembre se celebrar\u00e1 en el distrito malague\u00f1o de Palma Palmilla la segunda edici\u00f3n del Torneo de F\u00fatbol &#8216;Por ellos&#8217;, a beneficio de la Asociaci\u00f3n Autismo [&hellip;]<\/p>\n","protected":false},"author":1,"featured_media":1500,"comment_status":"open","ping_status":"open","sticky":false,"template":"","format":"standard","meta":{"give_campaign_id":0,"ngg_post_thumbnail":0,"_EventAllDay":false,"_EventTimezone":"","_EventStartDate":"","_EventEndDate":"","_EventStartDateUTC":"","_EventEndDateUTC":"","_EventShowMap":false,"_EventShowMapLink":false,"_EventURL":"","_EventCost":"","_EventCostDescription":"","_EventCurrencySymbol":"","_EventCurrencyCode":"","_EventCurrencyPosition":"","_EventDateTimeSeparator":"","_EventTimeRangeSeparator":"","_EventOrganizerID":[],"_EventVenueID":[],"_OrganizerEmail":"","_OrganizerPhone":"","_OrganizerWebsite":"","_VenueAddress":"","_VenueCity":"","_VenueCountry":"","_VenueProvince":"","_VenueState":"","_VenueZip":"","_VenuePhone":"","_VenueURL":"","_VenueStateProvince":"","_VenueLat":"","_VenueLng":"","_VenueShowMap":false,"_VenueShowMapLink":false,"_jetpack_memberships_contains_paid_content":false,"footnotes":""},"categories":[1,6],"tags":[],"class_list":["post-1498","post","type-post","status-publish","format-standard","has-post-thumbnail","hentry","category-sin-categoria","category-ultimas-noticias"],"jetpack_featured_media_url":"https:\/\/www.autismomalaga.org\/web\/wp-content\/uploads\/2014\/11\/trofeoPorEllos.jpg","jetpack_sharing_enabled":true,"_links":{"self":[{"href":"https:\/\/www.autismomalaga.org\/web\/index.php?rest_route=\/wp\/v2\/posts\/1498","targetHints":{"allow":["GET"]}}],"collection":[{"href":"https:\/\/www.autismomalaga.org\/web\/index.php?rest_route=\/wp\/v2\/posts"}],"about":[{"href":"https:\/\/www.autismomalaga.org\/web\/index.php?rest_route=\/wp\/v2\/types\/post"}],"author":[{"embeddable":true,"href":"https:\/\/www.autismomalaga.org\/web\/index.php?rest_route=\/wp\/v2\/users\/1"}],"replies":[{"embeddable":true,"href":"https:\/\/www.autismomalaga.org\/web\/index.php?rest_route=%2Fwp%2Fv2%2Fcomments&post=1498"}],"version-history":[{"count":3,"href":"https:\/\/www.autismomalaga.org\/web\/index.php?rest_route=\/wp\/v2\/posts\/1498\/revisions"}],"predecessor-version":[{"id":1503,"href":"https:\/\/www.autismomalaga.org\/web\/index.php?rest_route=\/wp\/v2\/posts\/1498\/revisions\/1503"}],"wp:featuredmedia":[{"embeddable":true,"href":"https:\/\/www.autismomalaga.org\/web\/index.php?rest_route=\/wp\/v2\/media\/1500"}],"wp:attachment":[{"href":"https:\/\/www.autismomalaga.org\/web\/index.php?rest_route=%2Fwp%2Fv2%2Fmedia&parent=1498"}],"wp:term":[{"taxonomy":"category","embeddable":true,"href":"https:\/\/www.autismomalaga.org\/web\/index.php?rest_route=%2Fwp%2Fv2%2Fcategories&post=1498"},{"taxonomy":"post_tag","embeddable":true,"href":"https:\/\/www.autismomalaga.org\/web\/index.php?rest_route=%2Fwp%2Fv2%2Ftags&post=1498"}],"curies":[{"name":"wp","href":"https:\/\/api.w.org\/{rel}","templated":true}]}}