{"id":1599,"date":"2016-05-11T15:23:06","date_gmt":"2016-05-11T15:23:06","guid":{"rendered":"http:\/\/www.autismomalaga.org\/web\/?p=1599"},"modified":"2016-05-11T15:29:48","modified_gmt":"2016-05-11T15:29:48","slug":"escuela-de-padres-y-madres-autonomia","status":"publish","type":"post","link":"https:\/\/www.autismomalaga.org\/web\/?p=1599","title":{"rendered":"Escuela de Padres y Madres: AUTONOM\u00cdA"},"content":{"rendered":"<p>Esta ma\u00f1ana se ha celebrado una sesi\u00f3n de la Escuela de Padres y Madres, donde la tem\u00e1tica tratada ha sido la Autonom\u00eda. Se ha visto la importancia de que las personas se sientan capaces de realizar las cosas y decidir qu\u00e9 cosas quieren (por ejemplo, qu\u00e9 ropa quieren ponerse), y como ello puede aumentar su autoestima.<\/p>\n<p>Hemos hablado tambi\u00e9n de la importancia de la estructuraci\u00f3n (del espacio, del tiempo y las personas) para la adquisici\u00f3n de esas nuevas competencias y el establecimiento de unas normas en la casa, normas de convivencia. Se ha insistido en los diferentes apoyos que debemos darles a las diferentes personas seg\u00fan sus necesidades (por ejemplo: agendas, lenguaje oral, gestos, indicaciones f\u00edsicas), y c\u00f3mo la repetici\u00f3n mec\u00e1nica de las secuencias diarias aumenta el desarrollo de las habilidades. Nos referimos al trabajo de la Autonom\u00eda, como una inversi\u00f3n a largo plazo, en la que no debemos tener \u201clas prisas\u201d del d\u00eda a d\u00eda, pues las personas podr\u00e1n realizar las actividades solas (con mayor o menor apoyo, o incluso sin ninguno) a pesar de que puedan tardar m\u00e1s.<\/p>\n<p>Se ha comentado la importancia de la anticipaci\u00f3n y de la comunicaci\u00f3n (adaptada a cada persona y situaci\u00f3n). Y hemos hecho un peque\u00f1o recorrido por diferentes aspectos de autonom\u00eda personal como la alimentaci\u00f3n (desde el acto de comer hasta preparar alguna comida, pasando por poner la mesa), el vestido (desde la colaboraci\u00f3n en el vestido, hasta escoger la ropa que quiere ponerse, pasando por poner la ropa a lavar, o doblarla y guardarla), aseo, etc.<\/p>\n<p>\u00a1Ha sido una ma\u00f1ana muy fruct\u00edfera, donde todos hemos aprendido de todos! En breve, prepararemos la pr\u00f3xima Escuela de Padres y Madres.<\/p>\n<p>&nbsp;<\/p>\n<p>&nbsp;<\/p>\n<div id='gallery-1' class='gallery galleryid-1599 gallery-columns-3 gallery-size-thumbnail'><figure class='gallery-item'>\n\t\t\t<div class='gallery-icon landscape'>\n\t\t\t\t<a href='https:\/\/www.autismomalaga.org\/web\/?attachment_id=1600'><img loading=\"lazy\" decoding=\"async\" width=\"150\" height=\"150\" src=\"https:\/\/www.autismomalaga.org\/web\/wp-content\/uploads\/2016\/05\/20160511_101017-150x150.jpg\" class=\"attachment-thumbnail size-thumbnail\" alt=\"\" \/><\/a>\n\t\t\t<\/div><\/figure><figure class='gallery-item'>\n\t\t\t<div class='gallery-icon landscape'>\n\t\t\t\t<a href='https:\/\/www.autismomalaga.org\/web\/?attachment_id=1601'><img loading=\"lazy\" decoding=\"async\" width=\"150\" height=\"150\" src=\"https:\/\/www.autismomalaga.org\/web\/wp-content\/uploads\/2016\/05\/20160511_101035-150x150.jpg\" class=\"attachment-thumbnail size-thumbnail\" alt=\"\" \/><\/a>\n\t\t\t<\/div><\/figure><figure class='gallery-item'>\n\t\t\t<div class='gallery-icon landscape'>\n\t\t\t\t<a href='https:\/\/www.autismomalaga.org\/web\/?attachment_id=1602'><img loading=\"lazy\" decoding=\"async\" width=\"150\" height=\"150\" src=\"https:\/\/www.autismomalaga.org\/web\/wp-content\/uploads\/2016\/05\/20160511_101054-150x150.jpg\" class=\"attachment-thumbnail size-thumbnail\" alt=\"\" \/><\/a>\n\t\t\t<\/div><\/figure><figure class='gallery-item'>\n\t\t\t<div class='gallery-icon landscape'>\n\t\t\t\t<a href='https:\/\/www.autismomalaga.org\/web\/?attachment_id=1603'><img loading=\"lazy\" decoding=\"async\" width=\"150\" height=\"150\" src=\"https:\/\/www.autismomalaga.org\/web\/wp-content\/uploads\/2016\/05\/20160511_101112-150x150.jpg\" class=\"attachment-thumbnail size-thumbnail\" alt=\"\" \/><\/a>\n\t\t\t<\/div><\/figure><figure class='gallery-item'>\n\t\t\t<div class='gallery-icon landscape'>\n\t\t\t\t<a href='https:\/\/www.autismomalaga.org\/web\/?attachment_id=1604'><img loading=\"lazy\" decoding=\"async\" width=\"150\" height=\"150\" src=\"https:\/\/www.autismomalaga.org\/web\/wp-content\/uploads\/2016\/05\/20160511_101121-150x150.jpg\" class=\"attachment-thumbnail size-thumbnail\" alt=\"\" \/><\/a>\n\t\t\t<\/div><\/figure>\n\t\t<\/div>\n\n<p>&nbsp;<\/p>\n","protected":false},"excerpt":{"rendered":"<p>Esta ma\u00f1ana se ha celebrado una sesi\u00f3n de la Escuela de Padres y Madres, donde la tem\u00e1tica tratada ha sido la Autonom\u00eda. Se ha visto la importancia de que las [&hellip;]<\/p>\n","protected":false},"author":1,"featured_media":1607,"comment_status":"open","ping_status":"open","sticky":false,"template":"","format":"standard","meta":{"give_campaign_id":0,"ngg_post_thumbnail":0,"_EventAllDay":false,"_EventTimezone":"","_EventStartDate":"","_EventEndDate":"","_EventStartDateUTC":"","_EventEndDateUTC":"","_EventShowMap":false,"_EventShowMapLink":false,"_EventURL":"","_EventCost":"","_EventCostDescription":"","_EventCurrencySymbol":"","_EventCurrencyCode":"","_EventCurrencyPosition":"","_EventDateTimeSeparator":"","_EventTimeRangeSeparator":"","_EventOrganizerID":[],"_EventVenueID":[],"_OrganizerEmail":"","_OrganizerPhone":"","_OrganizerWebsite":"","_VenueAddress":"","_VenueCity":"","_VenueCountry":"","_VenueProvince":"","_VenueState":"","_VenueZip":"","_VenuePhone":"","_VenueURL":"","_VenueStateProvince":"","_VenueLat":"","_VenueLng":"","_VenueShowMap":false,"_VenueShowMapLink":false,"_jetpack_memberships_contains_paid_content":false,"footnotes":""},"categories":[6],"tags":[],"class_list":["post-1599","post","type-post","status-publish","format-standard","has-post-thumbnail","hentry","category-ultimas-noticias"],"jetpack_featured_media_url":"https:\/\/www.autismomalaga.org\/web\/wp-content\/uploads\/2016\/05\/escueladepadresymadres_autonomia2.jpg","jetpack_sharing_enabled":true,"_links":{"self":[{"href":"https:\/\/www.autismomalaga.org\/web\/index.php?rest_route=\/wp\/v2\/posts\/1599","targetHints":{"allow":["GET"]}}],"collection":[{"href":"https:\/\/www.autismomalaga.org\/web\/index.php?rest_route=\/wp\/v2\/posts"}],"about":[{"href":"https:\/\/www.autismomalaga.org\/web\/index.php?rest_route=\/wp\/v2\/types\/post"}],"author":[{"embeddable":true,"href":"https:\/\/www.autismomalaga.org\/web\/index.php?rest_route=\/wp\/v2\/users\/1"}],"replies":[{"embeddable":true,"href":"https:\/\/www.autismomalaga.org\/web\/index.php?rest_route=%2Fwp%2Fv2%2Fcomments&post=1599"}],"version-history":[{"count":1,"href":"https:\/\/www.autismomalaga.org\/web\/index.php?rest_route=\/wp\/v2\/posts\/1599\/revisions"}],"predecessor-version":[{"id":1605,"href":"https:\/\/www.autismomalaga.org\/web\/index.php?rest_route=\/wp\/v2\/posts\/1599\/revisions\/1605"}],"wp:featuredmedia":[{"embeddable":true,"href":"https:\/\/www.autismomalaga.org\/web\/index.php?rest_route=\/wp\/v2\/media\/1607"}],"wp:attachment":[{"href":"https:\/\/www.autismomalaga.org\/web\/index.php?rest_route=%2Fwp%2Fv2%2Fmedia&parent=1599"}],"wp:term":[{"taxonomy":"category","embeddable":true,"href":"https:\/\/www.autismomalaga.org\/web\/index.php?rest_route=%2Fwp%2Fv2%2Fcategories&post=1599"},{"taxonomy":"post_tag","embeddable":true,"href":"https:\/\/www.autismomalaga.org\/web\/index.php?rest_route=%2Fwp%2Fv2%2Ftags&post=1599"}],"curies":[{"name":"wp","href":"https:\/\/api.w.org\/{rel}","templated":true}]}}