{"id":1638,"date":"2016-08-01T09:52:42","date_gmt":"2016-08-01T09:52:42","guid":{"rendered":"http:\/\/www.autismomalaga.org\/web\/?p=1638"},"modified":"2016-08-01T09:52:57","modified_gmt":"2016-08-01T09:52:57","slug":"proyecto-de-ocio-inclusivo-la-caixa-patas-arriba","status":"publish","type":"post","link":"https:\/\/www.autismomalaga.org\/web\/?p=1638","title":{"rendered":"Proyecto de ocio Inclusivo La Caixa &#8211; Patas Arriba"},"content":{"rendered":"<p><!--StartFragment-->Gracias a la colaboraci\u00f3n de La Caixa Andalucia, Autismo M\u00e1laga y Autismo Sur seguimos inmersos en el Proyecto de Ocio Inclusivo dirigido a personas con TEA. Este mi\u00e9rcoles 27 de julio tuvimos la gran suerte de compartir un rato l\u00fadico y de ocio con nuestros amigos de Patas Arriba, \u00a1\u00bbGuauuuu\u00bb! \u00a1lo pasamos bestial! Todos los ni\u00f1os y ni\u00f1as que nos acompa\u00f1aron pudieron disfrutar de la compa\u00f1\u00eda de Mitsu, Canelo y la peque\u00f1a Penny; tres cans que por un espacio de tiempo le robaron <span class=\"text_exposed_show\">el protagonismo a nuestros ni\u00f1os. <br \/><\/span><\/p>\n<p><span class=\"text_exposed_show\">Con ellos vivieron la experiencia de pasearlos, acariciarlos, peinarlos&#8230; Estuvieron interactuando con estos peque\u00f1os constantemente. Y es que son muchos los beneficios que aportan las Intervenciones Asistidas con Animales (IAA) ya que mejoran la comunicaci\u00f3n, potencian las habilidades sociales y ayudan a desarrollar competencias para su vida, pudiendo alcanzar as\u00ed un mayor grado de autoestima e independencia. <br \/><\/span><\/p>\n<p><span class=\"text_exposed_show\">Con esta actividad hemos podido observar que, dentro del ocio inclusivo, se pueden trabajar objetivos como las habilidades sociales (contacto visual, normas, etc.), las emociones, reducci\u00f3n de conductas estereotipadas y conductas disruptivas, y un largo etc. As\u00ed que no lo dud\u00e9is m\u00e1s y poneros en contacto ya con Patas Arriba, all\u00ed encontrar\u00e9is toda la informaci\u00f3n que necesit\u00e1is.<br \/> <\/span><\/p>\n<p><span class=\"text_exposed_show\">\u00a1Ha sido una experiencia memorable<\/span><\/p>\n<p><span class=\"text_exposed_show\">\u00a0<\/span><\/p>\n<div id='gallery-1' class='gallery galleryid-1638 gallery-columns-3 gallery-size-thumbnail'><figure class='gallery-item'>\n\t\t\t<div class='gallery-icon portrait'>\n\t\t\t\t<a href='https:\/\/www.autismomalaga.org\/web\/?attachment_id=1639'><img loading=\"lazy\" decoding=\"async\" width=\"150\" height=\"150\" src=\"https:\/\/www.autismomalaga.org\/web\/wp-content\/uploads\/2016\/08\/patas_arriba_01-150x150.jpg\" class=\"attachment-thumbnail size-thumbnail\" alt=\"\" \/><\/a>\n\t\t\t<\/div><\/figure><figure class='gallery-item'>\n\t\t\t<div class='gallery-icon landscape'>\n\t\t\t\t<a href='https:\/\/www.autismomalaga.org\/web\/?attachment_id=1640'><img loading=\"lazy\" decoding=\"async\" width=\"150\" height=\"150\" src=\"https:\/\/www.autismomalaga.org\/web\/wp-content\/uploads\/2016\/08\/patas_arriba_02-150x150.jpg\" class=\"attachment-thumbnail size-thumbnail\" alt=\"\" \/><\/a>\n\t\t\t<\/div><\/figure><figure class='gallery-item'>\n\t\t\t<div class='gallery-icon landscape'>\n\t\t\t\t<a href='https:\/\/www.autismomalaga.org\/web\/?attachment_id=1641'><img loading=\"lazy\" decoding=\"async\" width=\"150\" height=\"150\" src=\"https:\/\/www.autismomalaga.org\/web\/wp-content\/uploads\/2016\/08\/patas_arriba_03-150x150.jpg\" class=\"attachment-thumbnail size-thumbnail\" alt=\"\" srcset=\"https:\/\/www.autismomalaga.org\/web\/wp-content\/uploads\/2016\/08\/patas_arriba_03-150x150.jpg 150w, https:\/\/www.autismomalaga.org\/web\/wp-content\/uploads\/2016\/08\/patas_arriba_03-300x300.jpg 300w, https:\/\/www.autismomalaga.org\/web\/wp-content\/uploads\/2016\/08\/patas_arriba_03.jpg 960w\" sizes=\"auto, (max-width: 150px) 100vw, 150px\" \/><\/a>\n\t\t\t<\/div><\/figure><figure class='gallery-item'>\n\t\t\t<div class='gallery-icon landscape'>\n\t\t\t\t<a href='https:\/\/www.autismomalaga.org\/web\/?attachment_id=1642'><img loading=\"lazy\" decoding=\"async\" width=\"150\" height=\"150\" src=\"https:\/\/www.autismomalaga.org\/web\/wp-content\/uploads\/2016\/08\/patas_arriba_04-150x150.jpg\" class=\"attachment-thumbnail size-thumbnail\" alt=\"\" srcset=\"https:\/\/www.autismomalaga.org\/web\/wp-content\/uploads\/2016\/08\/patas_arriba_04-150x150.jpg 150w, https:\/\/www.autismomalaga.org\/web\/wp-content\/uploads\/2016\/08\/patas_arriba_04-300x300.jpg 300w, https:\/\/www.autismomalaga.org\/web\/wp-content\/uploads\/2016\/08\/patas_arriba_04.jpg 960w\" sizes=\"auto, (max-width: 150px) 100vw, 150px\" \/><\/a>\n\t\t\t<\/div><\/figure><figure class='gallery-item'>\n\t\t\t<div class='gallery-icon portrait'>\n\t\t\t\t<a href='https:\/\/www.autismomalaga.org\/web\/?attachment_id=1643'><img loading=\"lazy\" decoding=\"async\" width=\"150\" height=\"150\" src=\"https:\/\/www.autismomalaga.org\/web\/wp-content\/uploads\/2016\/08\/patas_arriba_05-150x150.jpg\" class=\"attachment-thumbnail size-thumbnail\" alt=\"\" \/><\/a>\n\t\t\t<\/div><\/figure><figure class='gallery-item'>\n\t\t\t<div class='gallery-icon portrait'>\n\t\t\t\t<a href='https:\/\/www.autismomalaga.org\/web\/?attachment_id=1644'><img loading=\"lazy\" decoding=\"async\" width=\"150\" height=\"150\" src=\"https:\/\/www.autismomalaga.org\/web\/wp-content\/uploads\/2016\/08\/patas_arriba_06-150x150.jpg\" class=\"attachment-thumbnail size-thumbnail\" alt=\"\" \/><\/a>\n\t\t\t<\/div><\/figure><figure class='gallery-item'>\n\t\t\t<div class='gallery-icon portrait'>\n\t\t\t\t<a href='https:\/\/www.autismomalaga.org\/web\/?attachment_id=1645'><img loading=\"lazy\" decoding=\"async\" width=\"150\" height=\"150\" src=\"https:\/\/www.autismomalaga.org\/web\/wp-content\/uploads\/2016\/08\/patas_arriba_07-150x150.jpg\" class=\"attachment-thumbnail size-thumbnail\" alt=\"\" \/><\/a>\n\t\t\t<\/div><\/figure><figure class='gallery-item'>\n\t\t\t<div class='gallery-icon portrait'>\n\t\t\t\t<a href='https:\/\/www.autismomalaga.org\/web\/?attachment_id=1646'><img loading=\"lazy\" decoding=\"async\" width=\"150\" height=\"150\" src=\"https:\/\/www.autismomalaga.org\/web\/wp-content\/uploads\/2016\/08\/patas_arriba_08-150x150.jpg\" class=\"attachment-thumbnail size-thumbnail\" alt=\"\" \/><\/a>\n\t\t\t<\/div><\/figure><figure class='gallery-item'>\n\t\t\t<div class='gallery-icon portrait'>\n\t\t\t\t<a href='https:\/\/www.autismomalaga.org\/web\/?attachment_id=1647'><img loading=\"lazy\" decoding=\"async\" width=\"150\" height=\"150\" src=\"https:\/\/www.autismomalaga.org\/web\/wp-content\/uploads\/2016\/08\/patas_arriba_09-150x150.jpg\" class=\"attachment-thumbnail size-thumbnail\" alt=\"\" \/><\/a>\n\t\t\t<\/div><\/figure><figure class='gallery-item'>\n\t\t\t<div class='gallery-icon landscape'>\n\t\t\t\t<a href='https:\/\/www.autismomalaga.org\/web\/?attachment_id=1648'><img loading=\"lazy\" decoding=\"async\" width=\"150\" height=\"150\" src=\"https:\/\/www.autismomalaga.org\/web\/wp-content\/uploads\/2016\/08\/patas_arriba_10-150x150.jpg\" class=\"attachment-thumbnail size-thumbnail\" alt=\"\" srcset=\"https:\/\/www.autismomalaga.org\/web\/wp-content\/uploads\/2016\/08\/patas_arriba_10-150x150.jpg 150w, https:\/\/www.autismomalaga.org\/web\/wp-content\/uploads\/2016\/08\/patas_arriba_10-300x300.jpg 300w, https:\/\/www.autismomalaga.org\/web\/wp-content\/uploads\/2016\/08\/patas_arriba_10.jpg 960w\" sizes=\"auto, (max-width: 150px) 100vw, 150px\" \/><\/a>\n\t\t\t<\/div><\/figure><figure class='gallery-item'>\n\t\t\t<div class='gallery-icon landscape'>\n\t\t\t\t<a href='https:\/\/www.autismomalaga.org\/web\/?attachment_id=1649'><img loading=\"lazy\" decoding=\"async\" width=\"150\" height=\"150\" src=\"https:\/\/www.autismomalaga.org\/web\/wp-content\/uploads\/2016\/08\/patas_arriba_11-150x150.jpg\" class=\"attachment-thumbnail size-thumbnail\" alt=\"\" srcset=\"https:\/\/www.autismomalaga.org\/web\/wp-content\/uploads\/2016\/08\/patas_arriba_11-150x150.jpg 150w, https:\/\/www.autismomalaga.org\/web\/wp-content\/uploads\/2016\/08\/patas_arriba_11-300x300.jpg 300w, https:\/\/www.autismomalaga.org\/web\/wp-content\/uploads\/2016\/08\/patas_arriba_11.jpg 960w\" sizes=\"auto, (max-width: 150px) 100vw, 150px\" \/><\/a>\n\t\t\t<\/div><\/figure><figure class='gallery-item'>\n\t\t\t<div class='gallery-icon portrait'>\n\t\t\t\t<a href='https:\/\/www.autismomalaga.org\/web\/?attachment_id=1650'><img loading=\"lazy\" decoding=\"async\" width=\"150\" height=\"150\" src=\"https:\/\/www.autismomalaga.org\/web\/wp-content\/uploads\/2016\/08\/patas_arriba_12-150x150.jpg\" class=\"attachment-thumbnail size-thumbnail\" alt=\"\" \/><\/a>\n\t\t\t<\/div><\/figure><figure class='gallery-item'>\n\t\t\t<div class='gallery-icon landscape'>\n\t\t\t\t<a href='https:\/\/www.autismomalaga.org\/web\/?attachment_id=1651'><img loading=\"lazy\" decoding=\"async\" width=\"150\" height=\"150\" src=\"https:\/\/www.autismomalaga.org\/web\/wp-content\/uploads\/2016\/08\/patas_arriba_13-150x150.jpg\" class=\"attachment-thumbnail size-thumbnail\" alt=\"\" srcset=\"https:\/\/www.autismomalaga.org\/web\/wp-content\/uploads\/2016\/08\/patas_arriba_13-150x150.jpg 150w, https:\/\/www.autismomalaga.org\/web\/wp-content\/uploads\/2016\/08\/patas_arriba_13-300x300.jpg 300w, https:\/\/www.autismomalaga.org\/web\/wp-content\/uploads\/2016\/08\/patas_arriba_13.jpg 960w\" sizes=\"auto, (max-width: 150px) 100vw, 150px\" \/><\/a>\n\t\t\t<\/div><\/figure>\n\t\t<\/div>\n\n<p><span class=\"text_exposed_show\">! \u00a1Gracias Amigos!<\/span><!--EndFragment--><\/p>\n","protected":false},"excerpt":{"rendered":"<p>Gracias a la colaboraci\u00f3n de La Caixa Andalucia, Autismo M\u00e1laga y Autismo Sur seguimos inmersos en el Proyecto de Ocio Inclusivo dirigido a personas con TEA. Este mi\u00e9rcoles 27 de [&hellip;]<\/p>\n","protected":false},"author":1,"featured_media":1652,"comment_status":"open","ping_status":"open","sticky":false,"template":"","format":"standard","meta":{"give_campaign_id":0,"ngg_post_thumbnail":0,"_EventAllDay":false,"_EventTimezone":"","_EventStartDate":"","_EventEndDate":"","_EventStartDateUTC":"","_EventEndDateUTC":"","_EventShowMap":false,"_EventShowMapLink":false,"_EventURL":"","_EventCost":"","_EventCostDescription":"","_EventCurrencySymbol":"","_EventCurrencyCode":"","_EventCurrencyPosition":"","_EventDateTimeSeparator":"","_EventTimeRangeSeparator":"","_EventOrganizerID":[],"_EventVenueID":[],"_OrganizerEmail":"","_OrganizerPhone":"","_OrganizerWebsite":"","_VenueAddress":"","_VenueCity":"","_VenueCountry":"","_VenueProvince":"","_VenueState":"","_VenueZip":"","_VenuePhone":"","_VenueURL":"","_VenueStateProvince":"","_VenueLat":"","_VenueLng":"","_VenueShowMap":false,"_VenueShowMapLink":false,"_jetpack_memberships_contains_paid_content":false,"footnotes":""},"categories":[6],"tags":[],"class_list":["post-1638","post","type-post","status-publish","format-standard","has-post-thumbnail","hentry","category-ultimas-noticias"],"jetpack_featured_media_url":"https:\/\/www.autismomalaga.org\/web\/wp-content\/uploads\/2016\/08\/patas_arriba_head.jpg","jetpack_sharing_enabled":true,"_links":{"self":[{"href":"https:\/\/www.autismomalaga.org\/web\/index.php?rest_route=\/wp\/v2\/posts\/1638","targetHints":{"allow":["GET"]}}],"collection":[{"href":"https:\/\/www.autismomalaga.org\/web\/index.php?rest_route=\/wp\/v2\/posts"}],"about":[{"href":"https:\/\/www.autismomalaga.org\/web\/index.php?rest_route=\/wp\/v2\/types\/post"}],"author":[{"embeddable":true,"href":"https:\/\/www.autismomalaga.org\/web\/index.php?rest_route=\/wp\/v2\/users\/1"}],"replies":[{"embeddable":true,"href":"https:\/\/www.autismomalaga.org\/web\/index.php?rest_route=%2Fwp%2Fv2%2Fcomments&post=1638"}],"version-history":[{"count":1,"href":"https:\/\/www.autismomalaga.org\/web\/index.php?rest_route=\/wp\/v2\/posts\/1638\/revisions"}],"predecessor-version":[{"id":1653,"href":"https:\/\/www.autismomalaga.org\/web\/index.php?rest_route=\/wp\/v2\/posts\/1638\/revisions\/1653"}],"wp:featuredmedia":[{"embeddable":true,"href":"https:\/\/www.autismomalaga.org\/web\/index.php?rest_route=\/wp\/v2\/media\/1652"}],"wp:attachment":[{"href":"https:\/\/www.autismomalaga.org\/web\/index.php?rest_route=%2Fwp%2Fv2%2Fmedia&parent=1638"}],"wp:term":[{"taxonomy":"category","embeddable":true,"href":"https:\/\/www.autismomalaga.org\/web\/index.php?rest_route=%2Fwp%2Fv2%2Fcategories&post=1638"},{"taxonomy":"post_tag","embeddable":true,"href":"https:\/\/www.autismomalaga.org\/web\/index.php?rest_route=%2Fwp%2Fv2%2Ftags&post=1638"}],"curies":[{"name":"wp","href":"https:\/\/api.w.org\/{rel}","templated":true}]}}