{"id":1661,"date":"2016-08-26T09:39:10","date_gmt":"2016-08-26T09:39:10","guid":{"rendered":"http:\/\/www.autismomalaga.org\/web\/?p=1661"},"modified":"2016-08-26T09:39:10","modified_gmt":"2016-08-26T09:39:10","slug":"proyecto-de-ocio-inclusivo-la-caixa-feria-de-malaga","status":"publish","type":"post","link":"https:\/\/www.autismomalaga.org\/web\/?p=1661","title":{"rendered":"Proyecto de ocio Inclusivo La Caixa \u2013 Feria de M\u00e1laga"},"content":{"rendered":"<p>Durante los d\u00edas del 13 al 20 de agosto la capital de la Costa del Sol celebr\u00f3 la Feria de M\u00e1laga, y gracias a la colaboraci\u00f3n de La Caixa Andalucia, nuestros chicos de Autismo M\u00e1laga y Autismo Sur no quisieron perderse esta nueva actividad del Proyecto de Ocio Inclusivo dirigido a personas con TEA.<\/p>\n<p>En esta ocasi\u00f3n se ataviaron con sus mejores galas para celebrar la fiesta con mucha alegr\u00eda y muchas ganas. Aunque el mejor traje que lucieron fue el de sus caritas vestidas de Felicidad \u00a1Y es que la Feria es una Ilusi\u00f3n! Compartimos con grandes y peque\u00f1os un paseo por el Real de nuestra Feria disfrutando de ese ambiente de j\u00fabilo que se respiraba e hicimos parada gastron\u00f3mica en dos casetas que culminaron el \u00e9xito de nuestra salida. Mil gracias a la colaboraci\u00f3n y el trato recibido por las casetas de Central Ciudadana y La Pe\u00f1a el Tomillar donde, adem\u00e1s de poder degustar exquisita cocina malague\u00f1a, destacaron por un trato humano y emp\u00e1tico ejemplar. All\u00ed nuestros muchachos compartieron momentos de ocio como bailar, escuchar m\u00fasica, etc. Inolvidable.<\/p>\n<p>\u00a1VIVA LA FERIA DE M\u00c1LAGA Y VIVAN NUESTROS CHICOS!<\/p>\n<p>&nbsp;<\/p>\n<div id='gallery-1' class='gallery galleryid-1661 gallery-columns-3 gallery-size-thumbnail'><figure class='gallery-item'>\n\t\t\t<div class='gallery-icon portrait'>\n\t\t\t\t<a href='https:\/\/www.autismomalaga.org\/web\/?attachment_id=1662'><img loading=\"lazy\" decoding=\"async\" width=\"150\" height=\"150\" src=\"https:\/\/www.autismomalaga.org\/web\/wp-content\/uploads\/2016\/08\/feria_01-150x150.jpg\" class=\"attachment-thumbnail size-thumbnail\" alt=\"\" \/><\/a>\n\t\t\t<\/div><\/figure><figure class='gallery-item'>\n\t\t\t<div class='gallery-icon landscape'>\n\t\t\t\t<a href='https:\/\/www.autismomalaga.org\/web\/?attachment_id=1663'><img loading=\"lazy\" decoding=\"async\" width=\"150\" height=\"150\" src=\"https:\/\/www.autismomalaga.org\/web\/wp-content\/uploads\/2016\/08\/feria_02-150x150.jpg\" class=\"attachment-thumbnail size-thumbnail\" alt=\"\" \/><\/a>\n\t\t\t<\/div><\/figure><figure class='gallery-item'>\n\t\t\t<div class='gallery-icon portrait'>\n\t\t\t\t<a href='https:\/\/www.autismomalaga.org\/web\/?attachment_id=1664'><img loading=\"lazy\" decoding=\"async\" width=\"150\" height=\"150\" src=\"https:\/\/www.autismomalaga.org\/web\/wp-content\/uploads\/2016\/08\/feria_03-150x150.jpg\" class=\"attachment-thumbnail size-thumbnail\" alt=\"\" \/><\/a>\n\t\t\t<\/div><\/figure><figure class='gallery-item'>\n\t\t\t<div class='gallery-icon portrait'>\n\t\t\t\t<a href='https:\/\/www.autismomalaga.org\/web\/?attachment_id=1665'><img loading=\"lazy\" decoding=\"async\" width=\"150\" height=\"150\" src=\"https:\/\/www.autismomalaga.org\/web\/wp-content\/uploads\/2016\/08\/feria_04-150x150.jpg\" class=\"attachment-thumbnail size-thumbnail\" alt=\"\" \/><\/a>\n\t\t\t<\/div><\/figure><figure class='gallery-item'>\n\t\t\t<div class='gallery-icon portrait'>\n\t\t\t\t<a href='https:\/\/www.autismomalaga.org\/web\/?attachment_id=1666'><img loading=\"lazy\" decoding=\"async\" width=\"150\" height=\"150\" src=\"https:\/\/www.autismomalaga.org\/web\/wp-content\/uploads\/2016\/08\/feria_05-150x150.jpg\" class=\"attachment-thumbnail size-thumbnail\" alt=\"\" \/><\/a>\n\t\t\t<\/div><\/figure><figure class='gallery-item'>\n\t\t\t<div class='gallery-icon portrait'>\n\t\t\t\t<a href='https:\/\/www.autismomalaga.org\/web\/?attachment_id=1667'><img loading=\"lazy\" decoding=\"async\" width=\"150\" height=\"150\" src=\"https:\/\/www.autismomalaga.org\/web\/wp-content\/uploads\/2016\/08\/feria_06-150x150.jpg\" class=\"attachment-thumbnail size-thumbnail\" alt=\"\" \/><\/a>\n\t\t\t<\/div><\/figure><figure class='gallery-item'>\n\t\t\t<div class='gallery-icon landscape'>\n\t\t\t\t<a href='https:\/\/www.autismomalaga.org\/web\/?attachment_id=1668'><img loading=\"lazy\" decoding=\"async\" width=\"150\" height=\"150\" src=\"https:\/\/www.autismomalaga.org\/web\/wp-content\/uploads\/2016\/08\/feria_07-150x150.jpg\" class=\"attachment-thumbnail size-thumbnail\" alt=\"\" \/><\/a>\n\t\t\t<\/div><\/figure><figure class='gallery-item'>\n\t\t\t<div class='gallery-icon portrait'>\n\t\t\t\t<a href='https:\/\/www.autismomalaga.org\/web\/?attachment_id=1669'><img loading=\"lazy\" decoding=\"async\" width=\"150\" height=\"150\" src=\"https:\/\/www.autismomalaga.org\/web\/wp-content\/uploads\/2016\/08\/feria_08-150x150.jpg\" class=\"attachment-thumbnail size-thumbnail\" alt=\"\" \/><\/a>\n\t\t\t<\/div><\/figure><figure class='gallery-item'>\n\t\t\t<div class='gallery-icon portrait'>\n\t\t\t\t<a href='https:\/\/www.autismomalaga.org\/web\/?attachment_id=1670'><img loading=\"lazy\" decoding=\"async\" width=\"150\" height=\"150\" src=\"https:\/\/www.autismomalaga.org\/web\/wp-content\/uploads\/2016\/08\/feria_09-150x150.jpg\" class=\"attachment-thumbnail size-thumbnail\" alt=\"\" \/><\/a>\n\t\t\t<\/div><\/figure><figure class='gallery-item'>\n\t\t\t<div class='gallery-icon portrait'>\n\t\t\t\t<a href='https:\/\/www.autismomalaga.org\/web\/?attachment_id=1671'><img loading=\"lazy\" decoding=\"async\" width=\"150\" height=\"150\" src=\"https:\/\/www.autismomalaga.org\/web\/wp-content\/uploads\/2016\/08\/feria_10-150x150.jpg\" class=\"attachment-thumbnail size-thumbnail\" alt=\"\" \/><\/a>\n\t\t\t<\/div><\/figure><figure class='gallery-item'>\n\t\t\t<div class='gallery-icon portrait'>\n\t\t\t\t<a href='https:\/\/www.autismomalaga.org\/web\/?attachment_id=1672'><img loading=\"lazy\" decoding=\"async\" width=\"150\" height=\"150\" src=\"https:\/\/www.autismomalaga.org\/web\/wp-content\/uploads\/2016\/08\/feria_11-150x150.jpg\" class=\"attachment-thumbnail size-thumbnail\" alt=\"\" \/><\/a>\n\t\t\t<\/div><\/figure><figure class='gallery-item'>\n\t\t\t<div class='gallery-icon portrait'>\n\t\t\t\t<a href='https:\/\/www.autismomalaga.org\/web\/?attachment_id=1673'><img loading=\"lazy\" decoding=\"async\" width=\"150\" height=\"150\" src=\"https:\/\/www.autismomalaga.org\/web\/wp-content\/uploads\/2016\/08\/feria_12-150x150.jpg\" class=\"attachment-thumbnail size-thumbnail\" alt=\"\" \/><\/a>\n\t\t\t<\/div><\/figure><figure class='gallery-item'>\n\t\t\t<div class='gallery-icon portrait'>\n\t\t\t\t<a href='https:\/\/www.autismomalaga.org\/web\/?attachment_id=1674'><img loading=\"lazy\" decoding=\"async\" width=\"150\" height=\"150\" src=\"https:\/\/www.autismomalaga.org\/web\/wp-content\/uploads\/2016\/08\/feria_13-150x150.jpg\" class=\"attachment-thumbnail size-thumbnail\" alt=\"\" \/><\/a>\n\t\t\t<\/div><\/figure><figure class='gallery-item'>\n\t\t\t<div class='gallery-icon landscape'>\n\t\t\t\t<a href='https:\/\/www.autismomalaga.org\/web\/?attachment_id=1676'><img loading=\"lazy\" decoding=\"async\" width=\"150\" height=\"150\" src=\"https:\/\/www.autismomalaga.org\/web\/wp-content\/uploads\/2016\/08\/feria_141-150x150.jpg\" class=\"attachment-thumbnail size-thumbnail\" alt=\"\" \/><\/a>\n\t\t\t<\/div><\/figure><figure class='gallery-item'>\n\t\t\t<div class='gallery-icon portrait'>\n\t\t\t\t<a href='https:\/\/www.autismomalaga.org\/web\/?attachment_id=1677'><img loading=\"lazy\" decoding=\"async\" width=\"150\" height=\"150\" src=\"https:\/\/www.autismomalaga.org\/web\/wp-content\/uploads\/2016\/08\/feria_15-150x150.jpg\" class=\"attachment-thumbnail size-thumbnail\" alt=\"\" \/><\/a>\n\t\t\t<\/div><\/figure>\n\t\t<\/div>\n\n","protected":false},"excerpt":{"rendered":"<p>Durante los d\u00edas del 13 al 20 de agosto la capital de la Costa del Sol celebr\u00f3 la Feria de M\u00e1laga, y gracias a la colaboraci\u00f3n de La Caixa Andalucia, [&hellip;]<\/p>\n","protected":false},"author":1,"featured_media":1678,"comment_status":"open","ping_status":"open","sticky":false,"template":"","format":"standard","meta":{"give_campaign_id":0,"ngg_post_thumbnail":0,"_EventAllDay":false,"_EventTimezone":"","_EventStartDate":"","_EventEndDate":"","_EventStartDateUTC":"","_EventEndDateUTC":"","_EventShowMap":false,"_EventShowMapLink":false,"_EventURL":"","_EventCost":"","_EventCostDescription":"","_EventCurrencySymbol":"","_EventCurrencyCode":"","_EventCurrencyPosition":"","_EventDateTimeSeparator":"","_EventTimeRangeSeparator":"","_EventOrganizerID":[],"_EventVenueID":[],"_OrganizerEmail":"","_OrganizerPhone":"","_OrganizerWebsite":"","_VenueAddress":"","_VenueCity":"","_VenueCountry":"","_VenueProvince":"","_VenueState":"","_VenueZip":"","_VenuePhone":"","_VenueURL":"","_VenueStateProvince":"","_VenueLat":"","_VenueLng":"","_VenueShowMap":false,"_VenueShowMapLink":false,"_jetpack_memberships_contains_paid_content":false,"footnotes":""},"categories":[6],"tags":[],"class_list":["post-1661","post","type-post","status-publish","format-standard","has-post-thumbnail","hentry","category-ultimas-noticias"],"jetpack_featured_media_url":"https:\/\/www.autismomalaga.org\/web\/wp-content\/uploads\/2016\/08\/feria_portada.jpg","jetpack_sharing_enabled":true,"_links":{"self":[{"href":"https:\/\/www.autismomalaga.org\/web\/index.php?rest_route=\/wp\/v2\/posts\/1661","targetHints":{"allow":["GET"]}}],"collection":[{"href":"https:\/\/www.autismomalaga.org\/web\/index.php?rest_route=\/wp\/v2\/posts"}],"about":[{"href":"https:\/\/www.autismomalaga.org\/web\/index.php?rest_route=\/wp\/v2\/types\/post"}],"author":[{"embeddable":true,"href":"https:\/\/www.autismomalaga.org\/web\/index.php?rest_route=\/wp\/v2\/users\/1"}],"replies":[{"embeddable":true,"href":"https:\/\/www.autismomalaga.org\/web\/index.php?rest_route=%2Fwp%2Fv2%2Fcomments&post=1661"}],"version-history":[{"count":1,"href":"https:\/\/www.autismomalaga.org\/web\/index.php?rest_route=\/wp\/v2\/posts\/1661\/revisions"}],"predecessor-version":[{"id":1679,"href":"https:\/\/www.autismomalaga.org\/web\/index.php?rest_route=\/wp\/v2\/posts\/1661\/revisions\/1679"}],"wp:featuredmedia":[{"embeddable":true,"href":"https:\/\/www.autismomalaga.org\/web\/index.php?rest_route=\/wp\/v2\/media\/1678"}],"wp:attachment":[{"href":"https:\/\/www.autismomalaga.org\/web\/index.php?rest_route=%2Fwp%2Fv2%2Fmedia&parent=1661"}],"wp:term":[{"taxonomy":"category","embeddable":true,"href":"https:\/\/www.autismomalaga.org\/web\/index.php?rest_route=%2Fwp%2Fv2%2Fcategories&post=1661"},{"taxonomy":"post_tag","embeddable":true,"href":"https:\/\/www.autismomalaga.org\/web\/index.php?rest_route=%2Fwp%2Fv2%2Ftags&post=1661"}],"curies":[{"name":"wp","href":"https:\/\/api.w.org\/{rel}","templated":true}]}}