{"id":1946,"date":"2016-11-03T10:23:59","date_gmt":"2016-11-03T10:23:59","guid":{"rendered":"http:\/\/www.autismomalaga.org\/web\/?p=1946"},"modified":"2016-11-03T10:23:59","modified_gmt":"2016-11-03T10:23:59","slug":"curso-funciones-ejecutivas-en-tea-granada","status":"publish","type":"post","link":"https:\/\/www.autismomalaga.org\/web\/?p=1946","title":{"rendered":"Curso Funciones Ejecutivas en TEA &#8211; Granada"},"content":{"rendered":"<p>El pr\u00f3ximo 19 de noviembre se impartir\u00e1 un curso sobre: \u00abFunciones Ejecutivas en TEA\u00bb, de 7 horas de duraci\u00f3n, impartido por Ana Gonzalez Navarro, psic\u00f3loga del equipo Deletrea (Madrid). Se celebrar\u00e1 en el Centro Integral para Personas Autistas de Granada.<\/p>\n<p>Para toda la informaci\u00f3n pod\u00e9is descargar el tr\u00edptico y hoja de inscripci\u00f3n aqu\u00ed:<\/p>\n<p><a href=\"http:\/\/www.autismomalaga.org\/web\/wp-content\/uploads\/2016\/11\/curso_func_ejec_tea_gr.pdf\">Cartel Informativo<\/a><br \/><a href=\"http:\/\/www.autismomalaga.org\/web\/wp-content\/uploads\/2016\/11\/insc_func_ejec_tea_gr.pdf\">Hoja de Inscripci\u00f3n<\/a><\/p>\n","protected":false},"excerpt":{"rendered":"<p>El pr\u00f3ximo 19 de noviembre se impartir\u00e1 un curso sobre: \u00abFunciones Ejecutivas en TEA\u00bb, de 7 horas de duraci\u00f3n, impartido por Ana Gonzalez Navarro, psic\u00f3loga del equipo Deletrea (Madrid). Se [&hellip;]<\/p>\n","protected":false},"author":1,"featured_media":1949,"comment_status":"open","ping_status":"open","sticky":false,"template":"","format":"standard","meta":{"give_campaign_id":0,"ngg_post_thumbnail":0,"_EventAllDay":false,"_EventTimezone":"","_EventStartDate":"","_EventEndDate":"","_EventStartDateUTC":"","_EventEndDateUTC":"","_EventShowMap":false,"_EventShowMapLink":false,"_EventURL":"","_EventCost":"","_EventCostDescription":"","_EventCurrencySymbol":"","_EventCurrencyCode":"","_EventCurrencyPosition":"","_EventDateTimeSeparator":"","_EventTimeRangeSeparator":"","_EventOrganizerID":[],"_EventVenueID":[],"_OrganizerEmail":"","_OrganizerPhone":"","_OrganizerWebsite":"","_VenueAddress":"","_VenueCity":"","_VenueCountry":"","_VenueProvince":"","_VenueState":"","_VenueZip":"","_VenuePhone":"","_VenueURL":"","_VenueStateProvince":"","_VenueLat":"","_VenueLng":"","_VenueShowMap":false,"_VenueShowMapLink":false,"_jetpack_memberships_contains_paid_content":false,"footnotes":""},"categories":[6],"tags":[],"class_list":["post-1946","post","type-post","status-publish","format-standard","has-post-thumbnail","hentry","category-ultimas-noticias"],"jetpack_featured_media_url":"https:\/\/www.autismomalaga.org\/web\/wp-content\/uploads\/2016\/11\/curso_func_ejec_tea_gr.png","jetpack_sharing_enabled":true,"_links":{"self":[{"href":"https:\/\/www.autismomalaga.org\/web\/index.php?rest_route=\/wp\/v2\/posts\/1946","targetHints":{"allow":["GET"]}}],"collection":[{"href":"https:\/\/www.autismomalaga.org\/web\/index.php?rest_route=\/wp\/v2\/posts"}],"about":[{"href":"https:\/\/www.autismomalaga.org\/web\/index.php?rest_route=\/wp\/v2\/types\/post"}],"author":[{"embeddable":true,"href":"https:\/\/www.autismomalaga.org\/web\/index.php?rest_route=\/wp\/v2\/users\/1"}],"replies":[{"embeddable":true,"href":"https:\/\/www.autismomalaga.org\/web\/index.php?rest_route=%2Fwp%2Fv2%2Fcomments&post=1946"}],"version-history":[{"count":1,"href":"https:\/\/www.autismomalaga.org\/web\/index.php?rest_route=\/wp\/v2\/posts\/1946\/revisions"}],"predecessor-version":[{"id":1950,"href":"https:\/\/www.autismomalaga.org\/web\/index.php?rest_route=\/wp\/v2\/posts\/1946\/revisions\/1950"}],"wp:featuredmedia":[{"embeddable":true,"href":"https:\/\/www.autismomalaga.org\/web\/index.php?rest_route=\/wp\/v2\/media\/1949"}],"wp:attachment":[{"href":"https:\/\/www.autismomalaga.org\/web\/index.php?rest_route=%2Fwp%2Fv2%2Fmedia&parent=1946"}],"wp:term":[{"taxonomy":"category","embeddable":true,"href":"https:\/\/www.autismomalaga.org\/web\/index.php?rest_route=%2Fwp%2Fv2%2Fcategories&post=1946"},{"taxonomy":"post_tag","embeddable":true,"href":"https:\/\/www.autismomalaga.org\/web\/index.php?rest_route=%2Fwp%2Fv2%2Ftags&post=1946"}],"curies":[{"name":"wp","href":"https:\/\/api.w.org\/{rel}","templated":true}]}}