{"id":1992,"date":"2016-12-05T13:06:57","date_gmt":"2016-12-05T13:06:57","guid":{"rendered":"http:\/\/www.autismomalaga.org\/web\/?p=1992"},"modified":"2016-12-05T13:08:45","modified_gmt":"2016-12-05T13:08:45","slug":"metro-school-metro-de-malaga","status":"publish","type":"post","link":"https:\/\/www.autismomalaga.org\/web\/?p=1992","title":{"rendered":"Metro School &#8211; Metro de M\u00e1laga"},"content":{"rendered":"<p><strong>RESUMEN METRO SCHOOL<\/strong><\/p>\n<p>\u00a0\u00a0\u00a0\u00a0\u00a0\u00a0\u00a0\u00a0 Fant\u00e1stico s\u00e1bado por la ma\u00f1ana el que pasamos la familia de AUTISMO M\u00c1LAGA y AUTISMO SUR. En esta ocasi\u00f3n el <em>Proyecto de Ocio Inclusivo Dirigido a personas con TEA, en<\/em> colaboraci\u00f3ncon <em>La Caixa Andalucia, <\/em>nos llev\u00f3 de visita a METRO M\u00c1LAGA.<\/p>\n<p>\u00a0\u00a0\u00a0\u00a0\u00a0\u00a0\u00a0\u00a0 S\u00e1bado 19 de noviembre, 10 de la ma\u00f1ana, estaci\u00f3n del Perchel. Ese fue el punto de encuentro de nuestra magn\u00edfica aventura. Vinieron a nuestro encuentro las dos \u201cMetro gu\u00edas\u201d m\u00e1s simp\u00e1ticas que nos pudieron tocar a ense\u00f1arnos a utilizar el metro y hacer un buen uso de sus instalaciones y servicios a trav\u00e9s del conocimiento interno.<\/p>\n<p>La actividad llevaba por nombre \u201c<em>Metro School\u201d <\/em>y consiste en una actividad did\u00e1ctica que tiene como finalidad acercar el metro a los m\u00e1s j\u00f3venes. Para ello METRO de M\u00c1LAGA ha dise\u00f1ado un programa de actividades a trav\u00e9s del cual dar a conocer la manera en la que ha de utilizarse este medio de transporte; as\u00ed como su funcionamiento interno. Entre los objetivos de la actividad estaban mostrar las ventajas de uso que supone este nuevo sistema de transporte por su seguridad, eficacia y rapidez, y concienciar a los m\u00e1s j\u00f3venes sobre los beneficios medioambientales de elegir el metro para moverse por la ciudad\u2026<\/p>\n<p>En la estaci\u00f3n del Perchel tuvo inicio nuestro trayecto hacia el <em>Puesto de Control Central (PCC)<\/em>, donde David nos ense\u00f1\u00f3 muchas curiosidades y nos descubri\u00f3 el \u201ccerebro\u201d del metro. A continuaci\u00f3n pasamos a una Sala donde nuestras \u201cMetro Gu\u00edas\u201d llevaron a cabo unas breves actividades formativas, muy acordes a nuestros chicos\u2026All\u00ed nos hicieron entrega de un obsequio y pudimos realizar fotograf\u00edas de recuerdo.<\/p>\n<p>Una experiencia extraordinaria, educativa\u2026 donde el trato y servicio fue excepcional. Los calificativos se quedan cortos para dar las GRACIAS a METRO M\u00c1LAGA por abrirnos sus puertas\u2026<\/p>\n<p>\u00bfCU\u00c1L SER\u00c1 NUESTRA PR\u00d3XIMA PARADA?<\/p>\n<p>&nbsp;<\/p>\n<div id='gallery-1' class='gallery galleryid-1992 gallery-columns-4 gallery-size-thumbnail'><figure class='gallery-item'>\n\t\t\t<div class='gallery-icon landscape'>\n\t\t\t\t<a href='https:\/\/www.autismomalaga.org\/web\/wp-content\/uploads\/2016\/12\/IMG_6223.jpg'><img loading=\"lazy\" decoding=\"async\" width=\"150\" height=\"150\" src=\"https:\/\/www.autismomalaga.org\/web\/wp-content\/uploads\/2016\/12\/IMG_6223-150x150.jpg\" class=\"attachment-thumbnail size-thumbnail\" alt=\"\" \/><\/a>\n\t\t\t<\/div><\/figure><figure class='gallery-item'>\n\t\t\t<div class='gallery-icon landscape'>\n\t\t\t\t<a href='https:\/\/www.autismomalaga.org\/web\/wp-content\/uploads\/2016\/12\/IMG_6226.jpg'><img loading=\"lazy\" decoding=\"async\" width=\"150\" height=\"150\" src=\"https:\/\/www.autismomalaga.org\/web\/wp-content\/uploads\/2016\/12\/IMG_6226-150x150.jpg\" class=\"attachment-thumbnail size-thumbnail\" alt=\"\" \/><\/a>\n\t\t\t<\/div><\/figure><figure class='gallery-item'>\n\t\t\t<div class='gallery-icon landscape'>\n\t\t\t\t<a href='https:\/\/www.autismomalaga.org\/web\/wp-content\/uploads\/2016\/12\/IMG_6227.jpg'><img loading=\"lazy\" decoding=\"async\" width=\"150\" height=\"150\" src=\"https:\/\/www.autismomalaga.org\/web\/wp-content\/uploads\/2016\/12\/IMG_6227-150x150.jpg\" class=\"attachment-thumbnail size-thumbnail\" alt=\"\" \/><\/a>\n\t\t\t<\/div><\/figure><figure class='gallery-item'>\n\t\t\t<div class='gallery-icon landscape'>\n\t\t\t\t<a href='https:\/\/www.autismomalaga.org\/web\/wp-content\/uploads\/2016\/12\/IMG_6228.jpg'><img loading=\"lazy\" decoding=\"async\" width=\"150\" height=\"150\" src=\"https:\/\/www.autismomalaga.org\/web\/wp-content\/uploads\/2016\/12\/IMG_6228-150x150.jpg\" class=\"attachment-thumbnail size-thumbnail\" alt=\"\" \/><\/a>\n\t\t\t<\/div><\/figure><figure class='gallery-item'>\n\t\t\t<div class='gallery-icon landscape'>\n\t\t\t\t<a href='https:\/\/www.autismomalaga.org\/web\/wp-content\/uploads\/2016\/12\/IMG_6229.jpg'><img loading=\"lazy\" decoding=\"async\" width=\"150\" height=\"150\" src=\"https:\/\/www.autismomalaga.org\/web\/wp-content\/uploads\/2016\/12\/IMG_6229-150x150.jpg\" class=\"attachment-thumbnail size-thumbnail\" alt=\"\" \/><\/a>\n\t\t\t<\/div><\/figure><figure class='gallery-item'>\n\t\t\t<div class='gallery-icon landscape'>\n\t\t\t\t<a href='https:\/\/www.autismomalaga.org\/web\/wp-content\/uploads\/2016\/12\/IMG_6233.jpg'><img loading=\"lazy\" decoding=\"async\" width=\"150\" height=\"150\" src=\"https:\/\/www.autismomalaga.org\/web\/wp-content\/uploads\/2016\/12\/IMG_6233-150x150.jpg\" class=\"attachment-thumbnail size-thumbnail\" alt=\"\" \/><\/a>\n\t\t\t<\/div><\/figure><figure class='gallery-item'>\n\t\t\t<div class='gallery-icon landscape'>\n\t\t\t\t<a href='https:\/\/www.autismomalaga.org\/web\/wp-content\/uploads\/2016\/12\/IMG_6235.jpg'><img loading=\"lazy\" decoding=\"async\" width=\"150\" height=\"150\" src=\"https:\/\/www.autismomalaga.org\/web\/wp-content\/uploads\/2016\/12\/IMG_6235-150x150.jpg\" class=\"attachment-thumbnail size-thumbnail\" alt=\"\" \/><\/a>\n\t\t\t<\/div><\/figure><figure class='gallery-item'>\n\t\t\t<div class='gallery-icon landscape'>\n\t\t\t\t<a href='https:\/\/www.autismomalaga.org\/web\/wp-content\/uploads\/2016\/12\/IMG_6237.jpg'><img loading=\"lazy\" decoding=\"async\" width=\"150\" height=\"150\" src=\"https:\/\/www.autismomalaga.org\/web\/wp-content\/uploads\/2016\/12\/IMG_6237-150x150.jpg\" class=\"attachment-thumbnail size-thumbnail\" alt=\"\" \/><\/a>\n\t\t\t<\/div><\/figure><figure class='gallery-item'>\n\t\t\t<div class='gallery-icon landscape'>\n\t\t\t\t<a href='https:\/\/www.autismomalaga.org\/web\/wp-content\/uploads\/2016\/12\/IMG_6238.jpg'><img loading=\"lazy\" decoding=\"async\" width=\"150\" height=\"150\" src=\"https:\/\/www.autismomalaga.org\/web\/wp-content\/uploads\/2016\/12\/IMG_6238-150x150.jpg\" class=\"attachment-thumbnail size-thumbnail\" alt=\"\" \/><\/a>\n\t\t\t<\/div><\/figure><figure class='gallery-item'>\n\t\t\t<div class='gallery-icon landscape'>\n\t\t\t\t<a href='https:\/\/www.autismomalaga.org\/web\/wp-content\/uploads\/2016\/12\/IMG_6239.jpg'><img loading=\"lazy\" decoding=\"async\" width=\"150\" height=\"150\" src=\"https:\/\/www.autismomalaga.org\/web\/wp-content\/uploads\/2016\/12\/IMG_6239-150x150.jpg\" class=\"attachment-thumbnail size-thumbnail\" alt=\"\" \/><\/a>\n\t\t\t<\/div><\/figure><figure class='gallery-item'>\n\t\t\t<div class='gallery-icon landscape'>\n\t\t\t\t<a href='https:\/\/www.autismomalaga.org\/web\/wp-content\/uploads\/2016\/12\/IMG_6240.jpg'><img loading=\"lazy\" decoding=\"async\" width=\"150\" height=\"150\" src=\"https:\/\/www.autismomalaga.org\/web\/wp-content\/uploads\/2016\/12\/IMG_6240-150x150.jpg\" class=\"attachment-thumbnail size-thumbnail\" alt=\"\" \/><\/a>\n\t\t\t<\/div><\/figure><figure class='gallery-item'>\n\t\t\t<div class='gallery-icon landscape'>\n\t\t\t\t<a href='https:\/\/www.autismomalaga.org\/web\/wp-content\/uploads\/2016\/12\/IMG_6242.jpg'><img loading=\"lazy\" decoding=\"async\" width=\"150\" height=\"150\" src=\"https:\/\/www.autismomalaga.org\/web\/wp-content\/uploads\/2016\/12\/IMG_6242-150x150.jpg\" class=\"attachment-thumbnail size-thumbnail\" alt=\"\" \/><\/a>\n\t\t\t<\/div><\/figure><figure class='gallery-item'>\n\t\t\t<div class='gallery-icon landscape'>\n\t\t\t\t<a href='https:\/\/www.autismomalaga.org\/web\/wp-content\/uploads\/2016\/12\/IMG_6243.jpg'><img loading=\"lazy\" decoding=\"async\" width=\"150\" height=\"150\" src=\"https:\/\/www.autismomalaga.org\/web\/wp-content\/uploads\/2016\/12\/IMG_6243-150x150.jpg\" class=\"attachment-thumbnail size-thumbnail\" alt=\"\" \/><\/a>\n\t\t\t<\/div><\/figure><figure class='gallery-item'>\n\t\t\t<div class='gallery-icon landscape'>\n\t\t\t\t<a href='https:\/\/www.autismomalaga.org\/web\/wp-content\/uploads\/2016\/12\/IMG_6245.jpg'><img loading=\"lazy\" decoding=\"async\" width=\"150\" height=\"150\" src=\"https:\/\/www.autismomalaga.org\/web\/wp-content\/uploads\/2016\/12\/IMG_6245-150x150.jpg\" class=\"attachment-thumbnail size-thumbnail\" alt=\"\" \/><\/a>\n\t\t\t<\/div><\/figure><figure class='gallery-item'>\n\t\t\t<div class='gallery-icon landscape'>\n\t\t\t\t<a href='https:\/\/www.autismomalaga.org\/web\/wp-content\/uploads\/2016\/12\/IMG_6246.jpg'><img loading=\"lazy\" decoding=\"async\" width=\"150\" height=\"150\" src=\"https:\/\/www.autismomalaga.org\/web\/wp-content\/uploads\/2016\/12\/IMG_6246-150x150.jpg\" class=\"attachment-thumbnail size-thumbnail\" alt=\"\" \/><\/a>\n\t\t\t<\/div><\/figure><figure class='gallery-item'>\n\t\t\t<div class='gallery-icon landscape'>\n\t\t\t\t<a href='https:\/\/www.autismomalaga.org\/web\/wp-content\/uploads\/2016\/12\/IMG_6249.jpg'><img loading=\"lazy\" decoding=\"async\" width=\"150\" height=\"150\" src=\"https:\/\/www.autismomalaga.org\/web\/wp-content\/uploads\/2016\/12\/IMG_6249-150x150.jpg\" class=\"attachment-thumbnail size-thumbnail\" alt=\"\" \/><\/a>\n\t\t\t<\/div><\/figure><figure class='gallery-item'>\n\t\t\t<div class='gallery-icon landscape'>\n\t\t\t\t<a href='https:\/\/www.autismomalaga.org\/web\/wp-content\/uploads\/2016\/12\/IMG_6251.jpg'><img loading=\"lazy\" decoding=\"async\" width=\"150\" height=\"150\" src=\"https:\/\/www.autismomalaga.org\/web\/wp-content\/uploads\/2016\/12\/IMG_6251-150x150.jpg\" class=\"attachment-thumbnail size-thumbnail\" alt=\"\" \/><\/a>\n\t\t\t<\/div><\/figure><figure class='gallery-item'>\n\t\t\t<div class='gallery-icon landscape'>\n\t\t\t\t<a href='https:\/\/www.autismomalaga.org\/web\/wp-content\/uploads\/2016\/12\/IMG_6252.jpg'><img loading=\"lazy\" decoding=\"async\" width=\"150\" height=\"150\" src=\"https:\/\/www.autismomalaga.org\/web\/wp-content\/uploads\/2016\/12\/IMG_6252-150x150.jpg\" class=\"attachment-thumbnail size-thumbnail\" alt=\"\" \/><\/a>\n\t\t\t<\/div><\/figure><figure class='gallery-item'>\n\t\t\t<div class='gallery-icon landscape'>\n\t\t\t\t<a href='https:\/\/www.autismomalaga.org\/web\/wp-content\/uploads\/2016\/12\/IMG_6254.jpg'><img loading=\"lazy\" decoding=\"async\" width=\"150\" height=\"150\" src=\"https:\/\/www.autismomalaga.org\/web\/wp-content\/uploads\/2016\/12\/IMG_6254-150x150.jpg\" class=\"attachment-thumbnail size-thumbnail\" alt=\"\" \/><\/a>\n\t\t\t<\/div><\/figure><figure class='gallery-item'>\n\t\t\t<div class='gallery-icon landscape'>\n\t\t\t\t<a href='https:\/\/www.autismomalaga.org\/web\/wp-content\/uploads\/2016\/12\/IMG_6255.jpg'><img loading=\"lazy\" decoding=\"async\" width=\"150\" height=\"150\" src=\"https:\/\/www.autismomalaga.org\/web\/wp-content\/uploads\/2016\/12\/IMG_6255-150x150.jpg\" class=\"attachment-thumbnail size-thumbnail\" alt=\"\" \/><\/a>\n\t\t\t<\/div><\/figure><figure class='gallery-item'>\n\t\t\t<div class='gallery-icon landscape'>\n\t\t\t\t<a href='https:\/\/www.autismomalaga.org\/web\/wp-content\/uploads\/2016\/12\/IMG_6257.jpg'><img loading=\"lazy\" decoding=\"async\" width=\"150\" height=\"150\" src=\"https:\/\/www.autismomalaga.org\/web\/wp-content\/uploads\/2016\/12\/IMG_6257-150x150.jpg\" class=\"attachment-thumbnail size-thumbnail\" alt=\"\" \/><\/a>\n\t\t\t<\/div><\/figure><figure class='gallery-item'>\n\t\t\t<div class='gallery-icon landscape'>\n\t\t\t\t<a href='https:\/\/www.autismomalaga.org\/web\/wp-content\/uploads\/2016\/12\/IMG_6258.jpg'><img loading=\"lazy\" decoding=\"async\" width=\"150\" height=\"150\" src=\"https:\/\/www.autismomalaga.org\/web\/wp-content\/uploads\/2016\/12\/IMG_6258-150x150.jpg\" class=\"attachment-thumbnail size-thumbnail\" alt=\"\" \/><\/a>\n\t\t\t<\/div><\/figure><figure class='gallery-item'>\n\t\t\t<div class='gallery-icon landscape'>\n\t\t\t\t<a href='https:\/\/www.autismomalaga.org\/web\/wp-content\/uploads\/2016\/12\/IMG_6259.jpg'><img loading=\"lazy\" decoding=\"async\" width=\"150\" height=\"150\" src=\"https:\/\/www.autismomalaga.org\/web\/wp-content\/uploads\/2016\/12\/IMG_6259-150x150.jpg\" class=\"attachment-thumbnail size-thumbnail\" alt=\"\" \/><\/a>\n\t\t\t<\/div><\/figure><figure class='gallery-item'>\n\t\t\t<div class='gallery-icon landscape'>\n\t\t\t\t<a href='https:\/\/www.autismomalaga.org\/web\/wp-content\/uploads\/2016\/12\/IMG_6260.jpg'><img loading=\"lazy\" decoding=\"async\" width=\"150\" height=\"150\" src=\"https:\/\/www.autismomalaga.org\/web\/wp-content\/uploads\/2016\/12\/IMG_6260-150x150.jpg\" class=\"attachment-thumbnail size-thumbnail\" alt=\"\" \/><\/a>\n\t\t\t<\/div><\/figure><figure class='gallery-item'>\n\t\t\t<div class='gallery-icon landscape'>\n\t\t\t\t<a href='https:\/\/www.autismomalaga.org\/web\/wp-content\/uploads\/2016\/12\/IMG_6261.jpg'><img loading=\"lazy\" decoding=\"async\" width=\"150\" height=\"150\" src=\"https:\/\/www.autismomalaga.org\/web\/wp-content\/uploads\/2016\/12\/IMG_6261-150x150.jpg\" class=\"attachment-thumbnail size-thumbnail\" alt=\"\" \/><\/a>\n\t\t\t<\/div><\/figure><figure class='gallery-item'>\n\t\t\t<div class='gallery-icon landscape'>\n\t\t\t\t<a href='https:\/\/www.autismomalaga.org\/web\/wp-content\/uploads\/2016\/12\/IMG_6262.jpg'><img loading=\"lazy\" decoding=\"async\" width=\"150\" height=\"150\" src=\"https:\/\/www.autismomalaga.org\/web\/wp-content\/uploads\/2016\/12\/IMG_6262-150x150.jpg\" class=\"attachment-thumbnail size-thumbnail\" alt=\"\" \/><\/a>\n\t\t\t<\/div><\/figure><figure class='gallery-item'>\n\t\t\t<div class='gallery-icon landscape'>\n\t\t\t\t<a href='https:\/\/www.autismomalaga.org\/web\/wp-content\/uploads\/2016\/12\/IMG_6263.jpg'><img loading=\"lazy\" decoding=\"async\" width=\"150\" height=\"150\" src=\"https:\/\/www.autismomalaga.org\/web\/wp-content\/uploads\/2016\/12\/IMG_6263-150x150.jpg\" class=\"attachment-thumbnail size-thumbnail\" alt=\"\" \/><\/a>\n\t\t\t<\/div><\/figure><figure class='gallery-item'>\n\t\t\t<div class='gallery-icon landscape'>\n\t\t\t\t<a href='https:\/\/www.autismomalaga.org\/web\/wp-content\/uploads\/2016\/12\/IMG_6264.jpg'><img loading=\"lazy\" decoding=\"async\" width=\"150\" height=\"150\" src=\"https:\/\/www.autismomalaga.org\/web\/wp-content\/uploads\/2016\/12\/IMG_6264-150x150.jpg\" class=\"attachment-thumbnail size-thumbnail\" alt=\"\" \/><\/a>\n\t\t\t<\/div><\/figure><figure class='gallery-item'>\n\t\t\t<div class='gallery-icon landscape'>\n\t\t\t\t<a href='https:\/\/www.autismomalaga.org\/web\/wp-content\/uploads\/2016\/12\/IMG_6265.jpg'><img loading=\"lazy\" decoding=\"async\" width=\"150\" height=\"150\" src=\"https:\/\/www.autismomalaga.org\/web\/wp-content\/uploads\/2016\/12\/IMG_6265-150x150.jpg\" class=\"attachment-thumbnail size-thumbnail\" alt=\"\" \/><\/a>\n\t\t\t<\/div><\/figure><figure class='gallery-item'>\n\t\t\t<div class='gallery-icon landscape'>\n\t\t\t\t<a href='https:\/\/www.autismomalaga.org\/web\/wp-content\/uploads\/2016\/12\/IMG_6266.jpg'><img loading=\"lazy\" decoding=\"async\" width=\"150\" height=\"150\" src=\"https:\/\/www.autismomalaga.org\/web\/wp-content\/uploads\/2016\/12\/IMG_6266-150x150.jpg\" class=\"attachment-thumbnail size-thumbnail\" alt=\"\" \/><\/a>\n\t\t\t<\/div><\/figure><figure class='gallery-item'>\n\t\t\t<div class='gallery-icon landscape'>\n\t\t\t\t<a href='https:\/\/www.autismomalaga.org\/web\/wp-content\/uploads\/2016\/12\/IMG_6267.jpg'><img loading=\"lazy\" decoding=\"async\" width=\"150\" height=\"150\" src=\"https:\/\/www.autismomalaga.org\/web\/wp-content\/uploads\/2016\/12\/IMG_6267-150x150.jpg\" class=\"attachment-thumbnail size-thumbnail\" alt=\"\" \/><\/a>\n\t\t\t<\/div><\/figure><figure class='gallery-item'>\n\t\t\t<div class='gallery-icon landscape'>\n\t\t\t\t<a href='https:\/\/www.autismomalaga.org\/web\/wp-content\/uploads\/2016\/12\/IMG_6268.jpg'><img loading=\"lazy\" decoding=\"async\" width=\"150\" height=\"150\" src=\"https:\/\/www.autismomalaga.org\/web\/wp-content\/uploads\/2016\/12\/IMG_6268-150x150.jpg\" class=\"attachment-thumbnail size-thumbnail\" alt=\"\" \/><\/a>\n\t\t\t<\/div><\/figure><figure class='gallery-item'>\n\t\t\t<div class='gallery-icon landscape'>\n\t\t\t\t<a href='https:\/\/www.autismomalaga.org\/web\/wp-content\/uploads\/2016\/12\/IMG_6273.jpg'><img loading=\"lazy\" decoding=\"async\" width=\"150\" height=\"150\" src=\"https:\/\/www.autismomalaga.org\/web\/wp-content\/uploads\/2016\/12\/IMG_6273-150x150.jpg\" class=\"attachment-thumbnail size-thumbnail\" alt=\"\" \/><\/a>\n\t\t\t<\/div><\/figure><figure class='gallery-item'>\n\t\t\t<div class='gallery-icon landscape'>\n\t\t\t\t<a href='https:\/\/www.autismomalaga.org\/web\/wp-content\/uploads\/2016\/12\/IMG_6276.jpg'><img loading=\"lazy\" decoding=\"async\" width=\"150\" height=\"150\" src=\"https:\/\/www.autismomalaga.org\/web\/wp-content\/uploads\/2016\/12\/IMG_6276-150x150.jpg\" class=\"attachment-thumbnail size-thumbnail\" alt=\"\" \/><\/a>\n\t\t\t<\/div><\/figure><figure class='gallery-item'>\n\t\t\t<div class='gallery-icon landscape'>\n\t\t\t\t<a href='https:\/\/www.autismomalaga.org\/web\/wp-content\/uploads\/2016\/12\/IMG_6279.jpg'><img loading=\"lazy\" decoding=\"async\" width=\"150\" height=\"150\" src=\"https:\/\/www.autismomalaga.org\/web\/wp-content\/uploads\/2016\/12\/IMG_6279-150x150.jpg\" class=\"attachment-thumbnail size-thumbnail\" alt=\"\" \/><\/a>\n\t\t\t<\/div><\/figure><figure class='gallery-item'>\n\t\t\t<div class='gallery-icon landscape'>\n\t\t\t\t<a href='https:\/\/www.autismomalaga.org\/web\/wp-content\/uploads\/2016\/12\/IMG_6281.jpg'><img loading=\"lazy\" decoding=\"async\" width=\"150\" height=\"150\" src=\"https:\/\/www.autismomalaga.org\/web\/wp-content\/uploads\/2016\/12\/IMG_6281-150x150.jpg\" class=\"attachment-thumbnail size-thumbnail\" alt=\"\" \/><\/a>\n\t\t\t<\/div><\/figure><figure class='gallery-item'>\n\t\t\t<div class='gallery-icon landscape'>\n\t\t\t\t<a href='https:\/\/www.autismomalaga.org\/web\/wp-content\/uploads\/2016\/12\/IMG_6282.jpg'><img loading=\"lazy\" decoding=\"async\" width=\"150\" height=\"150\" src=\"https:\/\/www.autismomalaga.org\/web\/wp-content\/uploads\/2016\/12\/IMG_6282-150x150.jpg\" class=\"attachment-thumbnail size-thumbnail\" alt=\"\" \/><\/a>\n\t\t\t<\/div><\/figure><figure class='gallery-item'>\n\t\t\t<div class='gallery-icon landscape'>\n\t\t\t\t<a href='https:\/\/www.autismomalaga.org\/web\/wp-content\/uploads\/2016\/12\/IMG_6283.jpg'><img loading=\"lazy\" decoding=\"async\" width=\"150\" height=\"150\" src=\"https:\/\/www.autismomalaga.org\/web\/wp-content\/uploads\/2016\/12\/IMG_6283-150x150.jpg\" class=\"attachment-thumbnail size-thumbnail\" alt=\"\" \/><\/a>\n\t\t\t<\/div><\/figure><figure class='gallery-item'>\n\t\t\t<div class='gallery-icon landscape'>\n\t\t\t\t<a href='https:\/\/www.autismomalaga.org\/web\/wp-content\/uploads\/2016\/12\/IMG_6284.jpg'><img loading=\"lazy\" decoding=\"async\" width=\"150\" height=\"150\" src=\"https:\/\/www.autismomalaga.org\/web\/wp-content\/uploads\/2016\/12\/IMG_6284-150x150.jpg\" class=\"attachment-thumbnail size-thumbnail\" alt=\"\" \/><\/a>\n\t\t\t<\/div><\/figure><figure class='gallery-item'>\n\t\t\t<div class='gallery-icon landscape'>\n\t\t\t\t<a href='https:\/\/www.autismomalaga.org\/web\/wp-content\/uploads\/2016\/12\/IMG_6285.jpg'><img loading=\"lazy\" decoding=\"async\" width=\"150\" height=\"150\" src=\"https:\/\/www.autismomalaga.org\/web\/wp-content\/uploads\/2016\/12\/IMG_6285-150x150.jpg\" class=\"attachment-thumbnail size-thumbnail\" alt=\"\" \/><\/a>\n\t\t\t<\/div><\/figure><figure class='gallery-item'>\n\t\t\t<div class='gallery-icon landscape'>\n\t\t\t\t<a href='https:\/\/www.autismomalaga.org\/web\/wp-content\/uploads\/2016\/12\/IMG_6286.jpg'><img loading=\"lazy\" decoding=\"async\" width=\"150\" height=\"150\" src=\"https:\/\/www.autismomalaga.org\/web\/wp-content\/uploads\/2016\/12\/IMG_6286-150x150.jpg\" class=\"attachment-thumbnail size-thumbnail\" alt=\"\" \/><\/a>\n\t\t\t<\/div><\/figure><figure class='gallery-item'>\n\t\t\t<div class='gallery-icon landscape'>\n\t\t\t\t<a href='https:\/\/www.autismomalaga.org\/web\/wp-content\/uploads\/2016\/12\/IMG_6287.jpg'><img loading=\"lazy\" decoding=\"async\" width=\"150\" height=\"150\" src=\"https:\/\/www.autismomalaga.org\/web\/wp-content\/uploads\/2016\/12\/IMG_6287-150x150.jpg\" class=\"attachment-thumbnail size-thumbnail\" alt=\"\" \/><\/a>\n\t\t\t<\/div><\/figure><figure class='gallery-item'>\n\t\t\t<div class='gallery-icon landscape'>\n\t\t\t\t<a href='https:\/\/www.autismomalaga.org\/web\/wp-content\/uploads\/2016\/12\/IMG_6288.jpg'><img loading=\"lazy\" decoding=\"async\" width=\"150\" height=\"150\" src=\"https:\/\/www.autismomalaga.org\/web\/wp-content\/uploads\/2016\/12\/IMG_6288-150x150.jpg\" class=\"attachment-thumbnail size-thumbnail\" alt=\"\" \/><\/a>\n\t\t\t<\/div><\/figure><figure class='gallery-item'>\n\t\t\t<div class='gallery-icon landscape'>\n\t\t\t\t<a href='https:\/\/www.autismomalaga.org\/web\/wp-content\/uploads\/2016\/12\/IMG_6289.jpg'><img loading=\"lazy\" decoding=\"async\" width=\"150\" height=\"150\" src=\"https:\/\/www.autismomalaga.org\/web\/wp-content\/uploads\/2016\/12\/IMG_6289-150x150.jpg\" class=\"attachment-thumbnail size-thumbnail\" alt=\"\" \/><\/a>\n\t\t\t<\/div><\/figure><figure class='gallery-item'>\n\t\t\t<div class='gallery-icon landscape'>\n\t\t\t\t<a href='https:\/\/www.autismomalaga.org\/web\/wp-content\/uploads\/2016\/12\/IMG_6290.jpg'><img loading=\"lazy\" decoding=\"async\" width=\"150\" height=\"150\" src=\"https:\/\/www.autismomalaga.org\/web\/wp-content\/uploads\/2016\/12\/IMG_6290-150x150.jpg\" class=\"attachment-thumbnail size-thumbnail\" alt=\"\" \/><\/a>\n\t\t\t<\/div><\/figure><figure class='gallery-item'>\n\t\t\t<div class='gallery-icon landscape'>\n\t\t\t\t<a href='https:\/\/www.autismomalaga.org\/web\/wp-content\/uploads\/2016\/12\/IMG_6291.jpg'><img loading=\"lazy\" decoding=\"async\" width=\"150\" height=\"150\" src=\"https:\/\/www.autismomalaga.org\/web\/wp-content\/uploads\/2016\/12\/IMG_6291-150x150.jpg\" class=\"attachment-thumbnail size-thumbnail\" alt=\"\" \/><\/a>\n\t\t\t<\/div><\/figure><figure class='gallery-item'>\n\t\t\t<div class='gallery-icon landscape'>\n\t\t\t\t<a href='https:\/\/www.autismomalaga.org\/web\/wp-content\/uploads\/2016\/12\/IMG_6292.jpg'><img loading=\"lazy\" decoding=\"async\" width=\"150\" height=\"150\" src=\"https:\/\/www.autismomalaga.org\/web\/wp-content\/uploads\/2016\/12\/IMG_6292-150x150.jpg\" class=\"attachment-thumbnail size-thumbnail\" alt=\"\" \/><\/a>\n\t\t\t<\/div><\/figure><figure class='gallery-item'>\n\t\t\t<div class='gallery-icon landscape'>\n\t\t\t\t<a href='https:\/\/www.autismomalaga.org\/web\/wp-content\/uploads\/2016\/12\/IMG_6294.jpg'><img loading=\"lazy\" decoding=\"async\" width=\"150\" height=\"150\" src=\"https:\/\/www.autismomalaga.org\/web\/wp-content\/uploads\/2016\/12\/IMG_6294-150x150.jpg\" class=\"attachment-thumbnail size-thumbnail\" alt=\"\" \/><\/a>\n\t\t\t<\/div><\/figure><figure class='gallery-item'>\n\t\t\t<div class='gallery-icon landscape'>\n\t\t\t\t<a href='https:\/\/www.autismomalaga.org\/web\/wp-content\/uploads\/2016\/12\/IMG_6295.jpg'><img loading=\"lazy\" decoding=\"async\" width=\"150\" height=\"150\" src=\"https:\/\/www.autismomalaga.org\/web\/wp-content\/uploads\/2016\/12\/IMG_6295-150x150.jpg\" class=\"attachment-thumbnail size-thumbnail\" alt=\"\" \/><\/a>\n\t\t\t<\/div><\/figure><figure class='gallery-item'>\n\t\t\t<div class='gallery-icon portrait'>\n\t\t\t\t<a href='https:\/\/www.autismomalaga.org\/web\/wp-content\/uploads\/2016\/12\/IMG_6297.jpg'><img loading=\"lazy\" decoding=\"async\" width=\"150\" height=\"150\" src=\"https:\/\/www.autismomalaga.org\/web\/wp-content\/uploads\/2016\/12\/IMG_6297-150x150.jpg\" class=\"attachment-thumbnail size-thumbnail\" alt=\"\" \/><\/a>\n\t\t\t<\/div><\/figure><figure class='gallery-item'>\n\t\t\t<div class='gallery-icon portrait'>\n\t\t\t\t<a href='https:\/\/www.autismomalaga.org\/web\/wp-content\/uploads\/2016\/12\/IMG_6298.jpg'><img loading=\"lazy\" decoding=\"async\" width=\"150\" height=\"150\" src=\"https:\/\/www.autismomalaga.org\/web\/wp-content\/uploads\/2016\/12\/IMG_6298-150x150.jpg\" class=\"attachment-thumbnail size-thumbnail\" alt=\"\" \/><\/a>\n\t\t\t<\/div><\/figure><figure class='gallery-item'>\n\t\t\t<div class='gallery-icon landscape'>\n\t\t\t\t<a href='https:\/\/www.autismomalaga.org\/web\/wp-content\/uploads\/2016\/12\/IMG_6301.jpg'><img loading=\"lazy\" decoding=\"async\" width=\"150\" height=\"150\" src=\"https:\/\/www.autismomalaga.org\/web\/wp-content\/uploads\/2016\/12\/IMG_6301-150x150.jpg\" class=\"attachment-thumbnail size-thumbnail\" alt=\"\" \/><\/a>\n\t\t\t<\/div><\/figure><figure class='gallery-item'>\n\t\t\t<div class='gallery-icon landscape'>\n\t\t\t\t<a href='https:\/\/www.autismomalaga.org\/web\/wp-content\/uploads\/2016\/12\/IMG_6308.jpg'><img loading=\"lazy\" decoding=\"async\" width=\"150\" height=\"150\" src=\"https:\/\/www.autismomalaga.org\/web\/wp-content\/uploads\/2016\/12\/IMG_6308-150x150.jpg\" class=\"attachment-thumbnail size-thumbnail\" alt=\"\" \/><\/a>\n\t\t\t<\/div><\/figure><figure class='gallery-item'>\n\t\t\t<div class='gallery-icon landscape'>\n\t\t\t\t<a href='https:\/\/www.autismomalaga.org\/web\/wp-content\/uploads\/2016\/12\/IMG_6309.jpg'><img loading=\"lazy\" decoding=\"async\" width=\"150\" height=\"150\" src=\"https:\/\/www.autismomalaga.org\/web\/wp-content\/uploads\/2016\/12\/IMG_6309-150x150.jpg\" class=\"attachment-thumbnail size-thumbnail\" alt=\"\" \/><\/a>\n\t\t\t<\/div><\/figure><figure class='gallery-item'>\n\t\t\t<div class='gallery-icon landscape'>\n\t\t\t\t<a href='https:\/\/www.autismomalaga.org\/web\/wp-content\/uploads\/2016\/12\/IMG_6311.jpg'><img loading=\"lazy\" decoding=\"async\" width=\"150\" height=\"150\" src=\"https:\/\/www.autismomalaga.org\/web\/wp-content\/uploads\/2016\/12\/IMG_6311-150x150.jpg\" class=\"attachment-thumbnail size-thumbnail\" alt=\"\" \/><\/a>\n\t\t\t<\/div><\/figure><figure class='gallery-item'>\n\t\t\t<div class='gallery-icon landscape'>\n\t\t\t\t<a href='https:\/\/www.autismomalaga.org\/web\/wp-content\/uploads\/2016\/12\/IMG_6313.jpg'><img loading=\"lazy\" decoding=\"async\" width=\"150\" height=\"150\" src=\"https:\/\/www.autismomalaga.org\/web\/wp-content\/uploads\/2016\/12\/IMG_6313-150x150.jpg\" class=\"attachment-thumbnail size-thumbnail\" alt=\"\" \/><\/a>\n\t\t\t<\/div><\/figure><figure class='gallery-item'>\n\t\t\t<div class='gallery-icon landscape'>\n\t\t\t\t<a href='https:\/\/www.autismomalaga.org\/web\/wp-content\/uploads\/2016\/12\/IMG_6314.jpg'><img loading=\"lazy\" decoding=\"async\" width=\"150\" height=\"150\" src=\"https:\/\/www.autismomalaga.org\/web\/wp-content\/uploads\/2016\/12\/IMG_6314-150x150.jpg\" class=\"attachment-thumbnail size-thumbnail\" alt=\"\" \/><\/a>\n\t\t\t<\/div><\/figure><figure class='gallery-item'>\n\t\t\t<div class='gallery-icon landscape'>\n\t\t\t\t<a href='https:\/\/www.autismomalaga.org\/web\/wp-content\/uploads\/2016\/12\/IMG_6315.jpg'><img loading=\"lazy\" decoding=\"async\" width=\"150\" height=\"150\" src=\"https:\/\/www.autismomalaga.org\/web\/wp-content\/uploads\/2016\/12\/IMG_6315-150x150.jpg\" class=\"attachment-thumbnail size-thumbnail\" alt=\"\" \/><\/a>\n\t\t\t<\/div><\/figure><figure class='gallery-item'>\n\t\t\t<div class='gallery-icon landscape'>\n\t\t\t\t<a href='https:\/\/www.autismomalaga.org\/web\/wp-content\/uploads\/2016\/12\/IMG_6319.jpg'><img loading=\"lazy\" decoding=\"async\" width=\"150\" height=\"150\" src=\"https:\/\/www.autismomalaga.org\/web\/wp-content\/uploads\/2016\/12\/IMG_6319-150x150.jpg\" class=\"attachment-thumbnail size-thumbnail\" alt=\"\" \/><\/a>\n\t\t\t<\/div><\/figure><figure class='gallery-item'>\n\t\t\t<div class='gallery-icon landscape'>\n\t\t\t\t<a href='https:\/\/www.autismomalaga.org\/web\/wp-content\/uploads\/2016\/12\/IMG_6322.jpg'><img loading=\"lazy\" decoding=\"async\" width=\"150\" height=\"150\" src=\"https:\/\/www.autismomalaga.org\/web\/wp-content\/uploads\/2016\/12\/IMG_6322-150x150.jpg\" class=\"attachment-thumbnail size-thumbnail\" alt=\"\" \/><\/a>\n\t\t\t<\/div><\/figure>\n\t\t<\/div>\n\n","protected":false},"excerpt":{"rendered":"<p>RESUMEN METRO SCHOOL \u00a0\u00a0\u00a0\u00a0\u00a0\u00a0\u00a0\u00a0 Fant\u00e1stico s\u00e1bado por la ma\u00f1ana el que pasamos la familia de AUTISMO M\u00c1LAGA y AUTISMO SUR. En esta ocasi\u00f3n el Proyecto de Ocio Inclusivo Dirigido a [&hellip;]<\/p>\n","protected":false},"author":1,"featured_media":2053,"comment_status":"open","ping_status":"open","sticky":false,"template":"","format":"standard","meta":{"give_campaign_id":0,"ngg_post_thumbnail":0,"_EventAllDay":false,"_EventTimezone":"","_EventStartDate":"","_EventEndDate":"","_EventStartDateUTC":"","_EventEndDateUTC":"","_EventShowMap":false,"_EventShowMapLink":false,"_EventURL":"","_EventCost":"","_EventCostDescription":"","_EventCurrencySymbol":"","_EventCurrencyCode":"","_EventCurrencyPosition":"","_EventDateTimeSeparator":"","_EventTimeRangeSeparator":"","_EventOrganizerID":[],"_EventVenueID":[],"_OrganizerEmail":"","_OrganizerPhone":"","_OrganizerWebsite":"","_VenueAddress":"","_VenueCity":"","_VenueCountry":"","_VenueProvince":"","_VenueState":"","_VenueZip":"","_VenuePhone":"","_VenueURL":"","_VenueStateProvince":"","_VenueLat":"","_VenueLng":"","_VenueShowMap":false,"_VenueShowMapLink":false,"_jetpack_memberships_contains_paid_content":false,"footnotes":""},"categories":[6],"tags":[],"class_list":["post-1992","post","type-post","status-publish","format-standard","has-post-thumbnail","hentry","category-ultimas-noticias"],"jetpack_featured_media_url":"https:\/\/www.autismomalaga.org\/web\/wp-content\/uploads\/2016\/12\/portada_metro.jpg","jetpack_sharing_enabled":true,"_links":{"self":[{"href":"https:\/\/www.autismomalaga.org\/web\/index.php?rest_route=\/wp\/v2\/posts\/1992","targetHints":{"allow":["GET"]}}],"collection":[{"href":"https:\/\/www.autismomalaga.org\/web\/index.php?rest_route=\/wp\/v2\/posts"}],"about":[{"href":"https:\/\/www.autismomalaga.org\/web\/index.php?rest_route=\/wp\/v2\/types\/post"}],"author":[{"embeddable":true,"href":"https:\/\/www.autismomalaga.org\/web\/index.php?rest_route=\/wp\/v2\/users\/1"}],"replies":[{"embeddable":true,"href":"https:\/\/www.autismomalaga.org\/web\/index.php?rest_route=%2Fwp%2Fv2%2Fcomments&post=1992"}],"version-history":[{"count":3,"href":"https:\/\/www.autismomalaga.org\/web\/index.php?rest_route=\/wp\/v2\/posts\/1992\/revisions"}],"predecessor-version":[{"id":2056,"href":"https:\/\/www.autismomalaga.org\/web\/index.php?rest_route=\/wp\/v2\/posts\/1992\/revisions\/2056"}],"wp:featuredmedia":[{"embeddable":true,"href":"https:\/\/www.autismomalaga.org\/web\/index.php?rest_route=\/wp\/v2\/media\/2053"}],"wp:attachment":[{"href":"https:\/\/www.autismomalaga.org\/web\/index.php?rest_route=%2Fwp%2Fv2%2Fmedia&parent=1992"}],"wp:term":[{"taxonomy":"category","embeddable":true,"href":"https:\/\/www.autismomalaga.org\/web\/index.php?rest_route=%2Fwp%2Fv2%2Fcategories&post=1992"},{"taxonomy":"post_tag","embeddable":true,"href":"https:\/\/www.autismomalaga.org\/web\/index.php?rest_route=%2Fwp%2Fv2%2Ftags&post=1992"}],"curies":[{"name":"wp","href":"https:\/\/api.w.org\/{rel}","templated":true}]}}