{"id":2222,"date":"2017-04-11T17:59:46","date_gmt":"2017-04-11T17:59:46","guid":{"rendered":"http:\/\/www.autismomalaga.org\/web\/?p=2222"},"modified":"2017-05-04T11:30:19","modified_gmt":"2017-05-04T11:30:19","slug":"curso-adi-r-autism-diagnostic-interview-revised","status":"publish","type":"post","link":"https:\/\/www.autismomalaga.org\/web\/?p=2222","title":{"rendered":"CURSO: ADI-R (Autism Diagnostic Interview-Revised)"},"content":{"rendered":"<div id=\"js_7k1\" class=\"_5pbx userContent\" data-ft=\"{&quot;tn&quot;:&quot;K&quot;}\">\n<p>Presentamos nuevo curso para el mes de Junio: <strong>ADI-R (Autism Diagnostic Interview-Revised)<\/strong><\/p>\n<p>Se celebrar\u00e1 los d\u00edas 8, 9 y 10 de Junio en el Sal\u00f3n de Actos de la Plataforma del Voluntariado. (Calle Corregidor Francisco de Molina, n\u00ba1, M\u00e1laga)<\/p>\n<p>Para m\u00e1s informaci\u00f3n puede desgargar el folleto completo haciendo <a href=\"http:\/\/www.autismomalaga.org\/web\/wp-content\/uploads\/2017\/04\/adi-r.pdf\">click aqu\u00ed.<\/a><\/p>\n<\/div>\n","protected":false},"excerpt":{"rendered":"<p>Presentamos nuevo curso para el mes de Junio: ADI-R (Autism Diagnostic Interview-Revised) Se celebrar\u00e1 los d\u00edas 8, 9 y 10 de Junio en el Sal\u00f3n de Actos de la Plataforma [&hellip;]<\/p>\n","protected":false},"author":1,"featured_media":2224,"comment_status":"open","ping_status":"open","sticky":false,"template":"","format":"standard","meta":{"give_campaign_id":0,"ngg_post_thumbnail":0,"_EventAllDay":false,"_EventTimezone":"","_EventStartDate":"","_EventEndDate":"","_EventStartDateUTC":"","_EventEndDateUTC":"","_EventShowMap":false,"_EventShowMapLink":false,"_EventURL":"","_EventCost":"","_EventCostDescription":"","_EventCurrencySymbol":"","_EventCurrencyCode":"","_EventCurrencyPosition":"","_EventDateTimeSeparator":"","_EventTimeRangeSeparator":"","_EventOrganizerID":[],"_EventVenueID":[],"_OrganizerEmail":"","_OrganizerPhone":"","_OrganizerWebsite":"","_VenueAddress":"","_VenueCity":"","_VenueCountry":"","_VenueProvince":"","_VenueState":"","_VenueZip":"","_VenuePhone":"","_VenueURL":"","_VenueStateProvince":"","_VenueLat":"","_VenueLng":"","_VenueShowMap":false,"_VenueShowMapLink":false,"_jetpack_memberships_contains_paid_content":false,"footnotes":""},"categories":[6],"tags":[],"class_list":["post-2222","post","type-post","status-publish","format-standard","has-post-thumbnail","hentry","category-ultimas-noticias"],"jetpack_featured_media_url":"https:\/\/www.autismomalaga.org\/web\/wp-content\/uploads\/2017\/04\/curso_adi-r.jpg","jetpack_sharing_enabled":true,"_links":{"self":[{"href":"https:\/\/www.autismomalaga.org\/web\/index.php?rest_route=\/wp\/v2\/posts\/2222","targetHints":{"allow":["GET"]}}],"collection":[{"href":"https:\/\/www.autismomalaga.org\/web\/index.php?rest_route=\/wp\/v2\/posts"}],"about":[{"href":"https:\/\/www.autismomalaga.org\/web\/index.php?rest_route=\/wp\/v2\/types\/post"}],"author":[{"embeddable":true,"href":"https:\/\/www.autismomalaga.org\/web\/index.php?rest_route=\/wp\/v2\/users\/1"}],"replies":[{"embeddable":true,"href":"https:\/\/www.autismomalaga.org\/web\/index.php?rest_route=%2Fwp%2Fv2%2Fcomments&post=2222"}],"version-history":[{"count":2,"href":"https:\/\/www.autismomalaga.org\/web\/index.php?rest_route=\/wp\/v2\/posts\/2222\/revisions"}],"predecessor-version":[{"id":2293,"href":"https:\/\/www.autismomalaga.org\/web\/index.php?rest_route=\/wp\/v2\/posts\/2222\/revisions\/2293"}],"wp:featuredmedia":[{"embeddable":true,"href":"https:\/\/www.autismomalaga.org\/web\/index.php?rest_route=\/wp\/v2\/media\/2224"}],"wp:attachment":[{"href":"https:\/\/www.autismomalaga.org\/web\/index.php?rest_route=%2Fwp%2Fv2%2Fmedia&parent=2222"}],"wp:term":[{"taxonomy":"category","embeddable":true,"href":"https:\/\/www.autismomalaga.org\/web\/index.php?rest_route=%2Fwp%2Fv2%2Fcategories&post=2222"},{"taxonomy":"post_tag","embeddable":true,"href":"https:\/\/www.autismomalaga.org\/web\/index.php?rest_route=%2Fwp%2Fv2%2Ftags&post=2222"}],"curies":[{"name":"wp","href":"https:\/\/api.w.org\/{rel}","templated":true}]}}