{"id":2338,"date":"2017-07-24T09:34:55","date_gmt":"2017-07-24T09:34:55","guid":{"rendered":"http:\/\/www.autismomalaga.org\/web\/?p=2338"},"modified":"2017-07-24T09:35:26","modified_gmt":"2017-07-24T09:35:26","slug":"museo-thyssen-centro-pinares","status":"publish","type":"post","link":"https:\/\/www.autismomalaga.org\/web\/?p=2338","title":{"rendered":"Museo Thyssen &#8211; Centro Pinares"},"content":{"rendered":"<p>No queremos dar la bienvenida al mes de julio sin antes despedir a junio felicitando, una vez m\u00e1s, al \u00c1rea de Educaci\u00f3n del Museo Carmen Thyssen de M\u00e1laga por su saber estar, su comprensi\u00f3n, Su cari\u00f1o incondicional, su trato inigualable\u2026 y esa ilusi\u00f3n con la que siempre nos reciben.<\/p>\n<p>Ya que, durante el mes de junio, con motivo delProyecto <em>Servicio de Apoyo a la Inclusi\u00f3n <\/em>dirigido a <strong><em>Personas con TEA<\/em><\/strong> que est\u00e1 llevando a cabo <em>Federaci\u00f3n Autismo Andaluc\u00eda<\/em> con la financiaci\u00f3n de <em>La Consejer\u00eda de Igualdad y Pol\u00edticas Sociales; <\/em>visitaron el museo nuestros chicos de AUTISMO M\u00c1LAGA (Centro Pinares), entre otros. En \u00e9l hicieron una visita sensorial por varias de sus salas e hicieron parada en el Espacio Educativo para llevar a cabo un magn\u00edfico <em>collage <\/em>inspirado en una de las obras de <em>Mu\u00f1oz Degrain. <\/em>Les qued\u00f3 fant\u00e1stico, porque ellos SI PUEDEN!<\/p>\n<p>Eli, Carmen, Eva, Bel\u00e9n Gracias por ofrecernos vuestros recursos espec\u00edficos, y gracias por dejarnos asumir el enriquecedor riesgo, del que hac\u00e9is alusi\u00f3n, de compartir experiencias con vosotras a partir del contenido vital que es la cultura; la cual no entiende de diferencias y aboga por la diversidad, romper las barreras y as\u00ed poder disfrutar de un ocio inclusivo.<\/p>\n<p>&nbsp;<\/p>\n<div id='gallery-1' class='gallery galleryid-2338 gallery-columns-3 gallery-size-thumbnail'><figure class='gallery-item'>\n\t\t\t<div class='gallery-icon landscape'>\n\t\t\t\t<a href='https:\/\/www.autismomalaga.org\/web\/?attachment_id=2339'><img loading=\"lazy\" decoding=\"async\" width=\"150\" height=\"150\" src=\"https:\/\/www.autismomalaga.org\/web\/wp-content\/uploads\/2017\/07\/6plHsgMsLuVHzyGHVeeF-soe6E5rhs6ciy2WpJPfa00Y5gU5W26lhXS88k8r1G5fqg-S-syYw1920-h957-150x150.jpg\" class=\"attachment-thumbnail size-thumbnail\" alt=\"\" \/><\/a>\n\t\t\t<\/div><\/figure><figure class='gallery-item'>\n\t\t\t<div class='gallery-icon landscape'>\n\t\t\t\t<a href='https:\/\/www.autismomalaga.org\/web\/?attachment_id=2340'><img loading=\"lazy\" decoding=\"async\" width=\"150\" height=\"150\" src=\"https:\/\/www.autismomalaga.org\/web\/wp-content\/uploads\/2017\/07\/8ITvmkklSlBq2-8xR8qhyqrya-x-Ny29Att7GFK_g-s2j9n0whd47tFClD7R4-bftFQUmdJow1920-h957-150x150.jpg\" class=\"attachment-thumbnail size-thumbnail\" alt=\"\" \/><\/a>\n\t\t\t<\/div><\/figure><figure class='gallery-item'>\n\t\t\t<div class='gallery-icon landscape'>\n\t\t\t\t<a href='https:\/\/www.autismomalaga.org\/web\/?attachment_id=2341'><img loading=\"lazy\" decoding=\"async\" width=\"150\" height=\"150\" src=\"https:\/\/www.autismomalaga.org\/web\/wp-content\/uploads\/2017\/07\/B1_YlVBbug45SeoBWBMhsi3a9fuhUJWBtewx81BpGlQd5APhLgM7B3xMrYWgRA27OXH_myzzw1920-h957-150x150.jpg\" class=\"attachment-thumbnail size-thumbnail\" alt=\"\" \/><\/a>\n\t\t\t<\/div><\/figure><figure class='gallery-item'>\n\t\t\t<div class='gallery-icon portrait'>\n\t\t\t\t<a href='https:\/\/www.autismomalaga.org\/web\/?attachment_id=2342'><img loading=\"lazy\" decoding=\"async\" width=\"150\" height=\"150\" src=\"https:\/\/www.autismomalaga.org\/web\/wp-content\/uploads\/2017\/07\/dSYNYuucPhCkB-thv9b2hI9ftf9hmZp_MEejD1xFTq_c8oNh3evAUjAFtuV4nemPL77bv9jiw1920-h957-150x150.jpg\" class=\"attachment-thumbnail size-thumbnail\" alt=\"\" \/><\/a>\n\t\t\t<\/div><\/figure><figure class='gallery-item'>\n\t\t\t<div class='gallery-icon landscape'>\n\t\t\t\t<a href='https:\/\/www.autismomalaga.org\/web\/?attachment_id=2343'><img loading=\"lazy\" decoding=\"async\" width=\"150\" height=\"150\" src=\"https:\/\/www.autismomalaga.org\/web\/wp-content\/uploads\/2017\/07\/igDxO4jUSvuQoc8aTG1dGbToOH4S9RzYqhFF8R2V6awp3UU8dOQ6N74PAAE3gjBkb6YRCD8rw1920-h957-150x150.jpg\" class=\"attachment-thumbnail size-thumbnail\" alt=\"\" \/><\/a>\n\t\t\t<\/div><\/figure><figure class='gallery-item'>\n\t\t\t<div class='gallery-icon landscape'>\n\t\t\t\t<a href='https:\/\/www.autismomalaga.org\/web\/?attachment_id=2344'><img loading=\"lazy\" decoding=\"async\" width=\"150\" height=\"150\" src=\"https:\/\/www.autismomalaga.org\/web\/wp-content\/uploads\/2017\/07\/Ka6UpsiZjLkiIgTDa4PxJvnZ1WFqTaJEs5kE_lsUE5MjRAhlCBbXW0Mf_Vo27sY9kAIZyT5ow1920-h957-150x150.jpg\" class=\"attachment-thumbnail size-thumbnail\" alt=\"\" \/><\/a>\n\t\t\t<\/div><\/figure><figure class='gallery-item'>\n\t\t\t<div class='gallery-icon landscape'>\n\t\t\t\t<a href='https:\/\/www.autismomalaga.org\/web\/?attachment_id=2345'><img loading=\"lazy\" decoding=\"async\" width=\"150\" height=\"150\" src=\"https:\/\/www.autismomalaga.org\/web\/wp-content\/uploads\/2017\/07\/ks6Emfb0cinM1cZMl67VR91xAAVHAws5C16K-R74LqtsBnKwQ2j_jxzAweoJeLVcNX4kzqlZw1920-h957-150x150.jpg\" class=\"attachment-thumbnail size-thumbnail\" alt=\"\" \/><\/a>\n\t\t\t<\/div><\/figure><figure class='gallery-item'>\n\t\t\t<div class='gallery-icon landscape'>\n\t\t\t\t<a href='https:\/\/www.autismomalaga.org\/web\/?attachment_id=2346'><img loading=\"lazy\" decoding=\"async\" width=\"150\" height=\"150\" src=\"https:\/\/www.autismomalaga.org\/web\/wp-content\/uploads\/2017\/07\/LgRXCAR7asTjxNegWwXgnZVb33eJ7M0bFILudYmOXOpLk0sv6A0eSYLVlQ4t0Nf11OqNvLxXw1920-h957-150x150.jpg\" class=\"attachment-thumbnail size-thumbnail\" alt=\"\" \/><\/a>\n\t\t\t<\/div><\/figure><figure class='gallery-item'>\n\t\t\t<div class='gallery-icon landscape'>\n\t\t\t\t<a href='https:\/\/www.autismomalaga.org\/web\/?attachment_id=2347'><img loading=\"lazy\" decoding=\"async\" width=\"150\" height=\"150\" src=\"https:\/\/www.autismomalaga.org\/web\/wp-content\/uploads\/2017\/07\/p3to08ree4rwMkDV-AmbnqZr5l2Avy556gFbQsFXbgdDdfRRlOVRjhocwwxAUiiVv72qWe5Nw1920-h957-150x150.jpg\" class=\"attachment-thumbnail size-thumbnail\" alt=\"\" \/><\/a>\n\t\t\t<\/div><\/figure><figure class='gallery-item'>\n\t\t\t<div class='gallery-icon landscape'>\n\t\t\t\t<a href='https:\/\/www.autismomalaga.org\/web\/?attachment_id=2348'><img loading=\"lazy\" decoding=\"async\" width=\"150\" height=\"150\" src=\"https:\/\/www.autismomalaga.org\/web\/wp-content\/uploads\/2017\/07\/PbNR8O1Lff5aUciZhWvdLt2noB3_-A60GfqexWJ7l-YbcjT6vk7yuRa18qhWas_WpmxcoyOyw1920-h957-150x150.jpg\" class=\"attachment-thumbnail size-thumbnail\" alt=\"\" \/><\/a>\n\t\t\t<\/div><\/figure><figure class='gallery-item'>\n\t\t\t<div class='gallery-icon landscape'>\n\t\t\t\t<a href='https:\/\/www.autismomalaga.org\/web\/?attachment_id=2349'><img loading=\"lazy\" decoding=\"async\" width=\"150\" height=\"150\" src=\"https:\/\/www.autismomalaga.org\/web\/wp-content\/uploads\/2017\/07\/PShalJY_D-HWK8FmHD8gwcxKismy3NkDi6U_9GbYBM3jcE_-5oNN9FLGStI7pMrkGKSVdLCKw1920-h957-150x150.jpg\" class=\"attachment-thumbnail size-thumbnail\" alt=\"\" \/><\/a>\n\t\t\t<\/div><\/figure><figure class='gallery-item'>\n\t\t\t<div class='gallery-icon landscape'>\n\t\t\t\t<a href='https:\/\/www.autismomalaga.org\/web\/?attachment_id=2350'><img loading=\"lazy\" decoding=\"async\" width=\"150\" height=\"150\" src=\"https:\/\/www.autismomalaga.org\/web\/wp-content\/uploads\/2017\/07\/s-yRLi5R1edPNohGPozQwfTIjcFOU6YlcIyl_VkDlGC_xk91o8MfsOVT8WA2gFVVRAp3zv7Yw1920-h957-150x150.jpg\" class=\"attachment-thumbnail size-thumbnail\" alt=\"\" \/><\/a>\n\t\t\t<\/div><\/figure><figure class='gallery-item'>\n\t\t\t<div class='gallery-icon landscape'>\n\t\t\t\t<a href='https:\/\/www.autismomalaga.org\/web\/?attachment_id=2351'><img loading=\"lazy\" decoding=\"async\" width=\"150\" height=\"150\" src=\"https:\/\/www.autismomalaga.org\/web\/wp-content\/uploads\/2017\/07\/t-3B9jIlIprbMhiZ0DMTQeI2GIpLPnl4-NT8-Dk2uUbwVT32hD-6A1xhGo1RwLkLpcfQD_UGw1920-h957-150x150.jpg\" class=\"attachment-thumbnail size-thumbnail\" alt=\"\" \/><\/a>\n\t\t\t<\/div><\/figure>\n\t\t<\/div>\n\n","protected":false},"excerpt":{"rendered":"<p>No queremos dar la bienvenida al mes de julio sin antes despedir a junio felicitando, una vez m\u00e1s, al \u00c1rea de Educaci\u00f3n del Museo Carmen Thyssen de M\u00e1laga por su [&hellip;]<\/p>\n","protected":false},"author":1,"featured_media":2347,"comment_status":"open","ping_status":"open","sticky":false,"template":"","format":"standard","meta":{"give_campaign_id":0,"ngg_post_thumbnail":0,"_EventAllDay":false,"_EventTimezone":"","_EventStartDate":"","_EventEndDate":"","_EventStartDateUTC":"","_EventEndDateUTC":"","_EventShowMap":false,"_EventShowMapLink":false,"_EventURL":"","_EventCost":"","_EventCostDescription":"","_EventCurrencySymbol":"","_EventCurrencyCode":"","_EventCurrencyPosition":"","_EventDateTimeSeparator":"","_EventTimeRangeSeparator":"","_EventOrganizerID":[],"_EventVenueID":[],"_OrganizerEmail":"","_OrganizerPhone":"","_OrganizerWebsite":"","_VenueAddress":"","_VenueCity":"","_VenueCountry":"","_VenueProvince":"","_VenueState":"","_VenueZip":"","_VenuePhone":"","_VenueURL":"","_VenueStateProvince":"","_VenueLat":"","_VenueLng":"","_VenueShowMap":false,"_VenueShowMapLink":false,"_jetpack_memberships_contains_paid_content":false,"footnotes":""},"categories":[6],"tags":[],"class_list":["post-2338","post","type-post","status-publish","format-standard","has-post-thumbnail","hentry","category-ultimas-noticias"],"jetpack_featured_media_url":"https:\/\/www.autismomalaga.org\/web\/wp-content\/uploads\/2017\/07\/p3to08ree4rwMkDV-AmbnqZr5l2Avy556gFbQsFXbgdDdfRRlOVRjhocwwxAUiiVv72qWe5Nw1920-h957.jpg","jetpack_sharing_enabled":true,"_links":{"self":[{"href":"https:\/\/www.autismomalaga.org\/web\/index.php?rest_route=\/wp\/v2\/posts\/2338","targetHints":{"allow":["GET"]}}],"collection":[{"href":"https:\/\/www.autismomalaga.org\/web\/index.php?rest_route=\/wp\/v2\/posts"}],"about":[{"href":"https:\/\/www.autismomalaga.org\/web\/index.php?rest_route=\/wp\/v2\/types\/post"}],"author":[{"embeddable":true,"href":"https:\/\/www.autismomalaga.org\/web\/index.php?rest_route=\/wp\/v2\/users\/1"}],"replies":[{"embeddable":true,"href":"https:\/\/www.autismomalaga.org\/web\/index.php?rest_route=%2Fwp%2Fv2%2Fcomments&post=2338"}],"version-history":[{"count":2,"href":"https:\/\/www.autismomalaga.org\/web\/index.php?rest_route=\/wp\/v2\/posts\/2338\/revisions"}],"predecessor-version":[{"id":2353,"href":"https:\/\/www.autismomalaga.org\/web\/index.php?rest_route=\/wp\/v2\/posts\/2338\/revisions\/2353"}],"wp:featuredmedia":[{"embeddable":true,"href":"https:\/\/www.autismomalaga.org\/web\/index.php?rest_route=\/wp\/v2\/media\/2347"}],"wp:attachment":[{"href":"https:\/\/www.autismomalaga.org\/web\/index.php?rest_route=%2Fwp%2Fv2%2Fmedia&parent=2338"}],"wp:term":[{"taxonomy":"category","embeddable":true,"href":"https:\/\/www.autismomalaga.org\/web\/index.php?rest_route=%2Fwp%2Fv2%2Fcategories&post=2338"},{"taxonomy":"post_tag","embeddable":true,"href":"https:\/\/www.autismomalaga.org\/web\/index.php?rest_route=%2Fwp%2Fv2%2Ftags&post=2338"}],"curies":[{"name":"wp","href":"https:\/\/api.w.org\/{rel}","templated":true}]}}