{"id":2387,"date":"2017-11-17T11:02:17","date_gmt":"2017-11-17T11:02:17","guid":{"rendered":"http:\/\/www.autismomalaga.org\/web\/?p=2387"},"modified":"2017-11-17T11:02:17","modified_gmt":"2017-11-17T11:02:17","slug":"certificado-de-calidad-agencia-de-calidad-sanitaria-acsa","status":"publish","type":"post","link":"https:\/\/www.autismomalaga.org\/web\/?p=2387","title":{"rendered":"Certificado de Calidad &#8211; Agencia de Calidad Sanitaria (ACSA)."},"content":{"rendered":"<p>El martes 14 de Noviembre, nuestra Asociaci\u00f3n Autismo M\u00e1laga recogi\u00f3 el Certificado de Calidad de la Agencia de Calidad Sanitaria de Andaluc\u00eda otorgada tanto al Centro Pinares (Residencia y Unidad de Estancia Diurna) como al Centro Quinta Alegre (Atenci\u00f3n Temprana).<\/p>\n<p>Esto ha sido fruto del trabajo en equipo del grupo de calidad, de ambos centros, como al personal de atenci\u00f3n directa, que hace posible que la atenci\u00f3n a las personas con TEA sea cada vez mejor. Seguiremos avanzando en esta l\u00ednea, prestando a nuestros chicos y chicas una atenci\u00f3n guiada por las buenas pr\u00e1cticas, y en definitiva velar por la mejora de la calidad de vida de cada una de las personas a las que atendemos.<\/p>\n<p>&nbsp;<\/p>\n<p>M\u00e1s informaci\u00f3n <a href=\"www.juntadeandalucia.es\/agenciadecalidadsanitaria\/blog\/noticias\/seis-centros-que-prestan-servicios-sociales-en-la-provincia-de-malaga-reciben-la-certificacion-de-la-agencia-de-calidad-sanitaria-de-andalucia\/#.WgxjISSueS8.gmail\">aqu\u00ed.<\/a><\/p>\n","protected":false},"excerpt":{"rendered":"<p>El martes 14 de Noviembre, nuestra Asociaci\u00f3n Autismo M\u00e1laga recogi\u00f3 el Certificado de Calidad de la Agencia de Calidad Sanitaria de Andaluc\u00eda otorgada tanto al Centro Pinares (Residencia y Unidad [&hellip;]<\/p>\n","protected":false},"author":1,"featured_media":2388,"comment_status":"open","ping_status":"open","sticky":false,"template":"","format":"standard","meta":{"give_campaign_id":0,"ngg_post_thumbnail":0,"_EventAllDay":false,"_EventTimezone":"","_EventStartDate":"","_EventEndDate":"","_EventStartDateUTC":"","_EventEndDateUTC":"","_EventShowMap":false,"_EventShowMapLink":false,"_EventURL":"","_EventCost":"","_EventCostDescription":"","_EventCurrencySymbol":"","_EventCurrencyCode":"","_EventCurrencyPosition":"","_EventDateTimeSeparator":"","_EventTimeRangeSeparator":"","_EventOrganizerID":[],"_EventVenueID":[],"_OrganizerEmail":"","_OrganizerPhone":"","_OrganizerWebsite":"","_VenueAddress":"","_VenueCity":"","_VenueCountry":"","_VenueProvince":"","_VenueState":"","_VenueZip":"","_VenuePhone":"","_VenueURL":"","_VenueStateProvince":"","_VenueLat":"","_VenueLng":"","_VenueShowMap":false,"_VenueShowMapLink":false,"_jetpack_memberships_contains_paid_content":false,"footnotes":""},"categories":[6],"tags":[],"class_list":["post-2387","post","type-post","status-publish","format-standard","has-post-thumbnail","hentry","category-ultimas-noticias"],"jetpack_featured_media_url":"https:\/\/www.autismomalaga.org\/web\/wp-content\/uploads\/2017\/11\/IMG-20171115-WA0034.jpg","jetpack_sharing_enabled":true,"_links":{"self":[{"href":"https:\/\/www.autismomalaga.org\/web\/index.php?rest_route=\/wp\/v2\/posts\/2387","targetHints":{"allow":["GET"]}}],"collection":[{"href":"https:\/\/www.autismomalaga.org\/web\/index.php?rest_route=\/wp\/v2\/posts"}],"about":[{"href":"https:\/\/www.autismomalaga.org\/web\/index.php?rest_route=\/wp\/v2\/types\/post"}],"author":[{"embeddable":true,"href":"https:\/\/www.autismomalaga.org\/web\/index.php?rest_route=\/wp\/v2\/users\/1"}],"replies":[{"embeddable":true,"href":"https:\/\/www.autismomalaga.org\/web\/index.php?rest_route=%2Fwp%2Fv2%2Fcomments&post=2387"}],"version-history":[{"count":1,"href":"https:\/\/www.autismomalaga.org\/web\/index.php?rest_route=\/wp\/v2\/posts\/2387\/revisions"}],"predecessor-version":[{"id":2389,"href":"https:\/\/www.autismomalaga.org\/web\/index.php?rest_route=\/wp\/v2\/posts\/2387\/revisions\/2389"}],"wp:featuredmedia":[{"embeddable":true,"href":"https:\/\/www.autismomalaga.org\/web\/index.php?rest_route=\/wp\/v2\/media\/2388"}],"wp:attachment":[{"href":"https:\/\/www.autismomalaga.org\/web\/index.php?rest_route=%2Fwp%2Fv2%2Fmedia&parent=2387"}],"wp:term":[{"taxonomy":"category","embeddable":true,"href":"https:\/\/www.autismomalaga.org\/web\/index.php?rest_route=%2Fwp%2Fv2%2Fcategories&post=2387"},{"taxonomy":"post_tag","embeddable":true,"href":"https:\/\/www.autismomalaga.org\/web\/index.php?rest_route=%2Fwp%2Fv2%2Ftags&post=2387"}],"curies":[{"name":"wp","href":"https:\/\/api.w.org\/{rel}","templated":true}]}}