{"id":2594,"date":"2020-12-14T19:43:07","date_gmt":"2020-12-14T19:43:07","guid":{"rendered":"http:\/\/www.autismomalaga.org\/web\/?p=2594"},"modified":"2025-04-24T07:41:20","modified_gmt":"2025-04-24T06:41:20","slug":"la-diputacion-colabora-con-la-asociacion-autismo-malaga-con-la-impresion-de-800-calendarios-2021-ilustrados-por-el-pintor-malagueno-antonio-montiel","status":"publish","type":"post","link":"https:\/\/www.autismomalaga.org\/web\/?p=2594","title":{"rendered":"La Diputaci\u00f3n colabora con la Asociaci\u00f3n Autismo M\u00e1laga con la impresi\u00f3n de 800 calendarios 2021 ilustrados por el pintor malague\u00f1o Antonio Montiel."},"content":{"rendered":"\n<p><\/p>\n\n\n\n<h2 class=\"wp-block-heading\">Natacha Rivas, vicepresidenta cuarta y responsable del \u00e1rea de Ciudadan\u00eda, destaca \u00abla importante labor que desarrolla la entidad social, que ha llegado a convertirse en todo un referente en la atenci\u00f3n a personas con autismo, dando cobertura a cientos de familias en la provincia\u00bbLos almanaques, editados por el Centro de Ediciones de la instituci\u00f3n provincial, podr\u00e1n adquirirse a un precio solidario de 5 euros.<\/h2>\n\n\n\n<p>La Diputaci\u00f3n de M\u00e1laga ha acogido la presentaci\u00f3n del calendario ben\u00e9fico 2021 de la Asociaci\u00f3n Autismo M\u00e1laga, ilustrado por el pintor malague\u00f1o Antonio Montiel, y cuyo objetivo es recaudar fondos para seguir ofreciendo programas, servicios y actividades dirigidos a las personas con Trastorno del Espectro del Autismo y a sus familias para mejorar su calidad de vida.<\/p>\n\n\n\n<p>As\u00ed lo ha dado a conocer la vicepresidenta cuarta y responsable del \u00e1rea de Ciudadan\u00eda y Atenci\u00f3n al Despoblamiento del Territorio, Natacha Rivas, junto al presidente de la Asociaci\u00f3n Autismo M\u00e1laga, Jos\u00e9 Reyes, y el pintor malague\u00f1o Antonio Montiel en la presentaci\u00f3n del almanaque solidario 2021 de la entidad financiado por la Diputaci\u00f3n de M\u00e1laga que ha sido impreso, tal y como ha explicado Rivas, en el Centro de Ediciones de la Diputaci\u00f3n (CEDMA) en una tirada de 800 ejemplares.<\/p>\n\n\n\n<p>En este sentido, la vicepresidenta cuarta ha destacado \u00abla importante labor que desarrolla la entidad social\u00bb, que cuenta con una trayectoria de 27 a\u00f1os, y \u00abque ha llegado a convertirse en todo un referente en la atenci\u00f3n a personas con autismo, dando cobertura a cientos de familias en la provincia\u00bb. Asimismo, Rivas ha recordado que Diputaci\u00f3n colabora estrechamente con la Asociaci\u00f3n Autismo M\u00e1laga, a trav\u00e9s de proyectos relacionados con el Tercer Sector, y adem\u00e1s ha sido distinguida este a\u00f1o 2020 con la \u2018M de M\u00e1laga\u2019, galard\u00f3n que desde el a\u00f1o 2012 reconoce a personas, empresas o entidades por su contribuci\u00f3n al desarrollo de la sociedad.<\/p>\n\n\n\n<p>Seg\u00fan Reyes, los calendarios, que se vender\u00e1n por un precio de cinco euros, podr\u00e1n adquirirse en la sede de la asociaci\u00f3n (c\/ Juan Franc\u00e9s Bosca,11) o a trav\u00e9s del tel\u00e9fono&nbsp; 952285954, y la recaudaci\u00f3n ir\u00e1 destinada a mantener la actividades y proyectos de la asociaci\u00f3n para mejorar la calidad de vida de las personas con Trastorno del Espectro del Autismo y sus familias.<\/p>\n\n\n\n<p>Por su parte, el pintor malague\u00f1o Antonio Montiel, autor del dibujo que ilustra el calendario 2021 de la asociaci\u00f3n con un dise\u00f1o que realiz\u00f3 y don\u00f3 a la asociaci\u00f3n representando el autismo en un ni\u00f1o para conmemorar el 25 aniversario de la entidad social, ha recordado la importancia y la necesidad de colaborar con las entidades sociales malague\u00f1as para mejorar la vida de muchas personas.<\/p>\n","protected":false},"excerpt":{"rendered":"<p>Natacha Rivas, vicepresidenta cuarta y responsable del \u00e1rea de Ciudadan\u00eda, destaca \u00abla importante labor que desarrolla la entidad social, que ha llegado a convertirse en todo un referente en la [&hellip;]<\/p>\n","protected":false},"author":1,"featured_media":2595,"comment_status":"closed","ping_status":"open","sticky":false,"template":"","format":"standard","meta":{"give_campaign_id":0,"ngg_post_thumbnail":0,"_EventAllDay":false,"_EventTimezone":"","_EventStartDate":"","_EventEndDate":"","_EventStartDateUTC":"","_EventEndDateUTC":"","_EventShowMap":false,"_EventShowMapLink":false,"_EventURL":"","_EventCost":"","_EventCostDescription":"","_EventCurrencySymbol":"","_EventCurrencyCode":"","_EventCurrencyPosition":"","_EventDateTimeSeparator":"","_EventTimeRangeSeparator":"","_EventOrganizerID":[],"_EventVenueID":[],"_OrganizerEmail":"","_OrganizerPhone":"","_OrganizerWebsite":"","_VenueAddress":"","_VenueCity":"","_VenueCountry":"","_VenueProvince":"","_VenueState":"","_VenueZip":"","_VenuePhone":"","_VenueURL":"","_VenueStateProvince":"","_VenueLat":"","_VenueLng":"","_VenueShowMap":false,"_VenueShowMapLink":false,"_jetpack_memberships_contains_paid_content":false,"footnotes":""},"categories":[6],"tags":[],"class_list":["post-2594","post","type-post","status-publish","format-standard","has-post-thumbnail","hentry","category-ultimas-noticias"],"jetpack_featured_media_url":"https:\/\/www.autismomalaga.org\/web\/wp-content\/uploads\/2020\/12\/Calendario-2021-scaled.jpg","jetpack_sharing_enabled":true,"_links":{"self":[{"href":"https:\/\/www.autismomalaga.org\/web\/index.php?rest_route=\/wp\/v2\/posts\/2594","targetHints":{"allow":["GET"]}}],"collection":[{"href":"https:\/\/www.autismomalaga.org\/web\/index.php?rest_route=\/wp\/v2\/posts"}],"about":[{"href":"https:\/\/www.autismomalaga.org\/web\/index.php?rest_route=\/wp\/v2\/types\/post"}],"author":[{"embeddable":true,"href":"https:\/\/www.autismomalaga.org\/web\/index.php?rest_route=\/wp\/v2\/users\/1"}],"replies":[{"embeddable":true,"href":"https:\/\/www.autismomalaga.org\/web\/index.php?rest_route=%2Fwp%2Fv2%2Fcomments&post=2594"}],"version-history":[{"count":8,"href":"https:\/\/www.autismomalaga.org\/web\/index.php?rest_route=\/wp\/v2\/posts\/2594\/revisions"}],"predecessor-version":[{"id":2607,"href":"https:\/\/www.autismomalaga.org\/web\/index.php?rest_route=\/wp\/v2\/posts\/2594\/revisions\/2607"}],"wp:featuredmedia":[{"embeddable":true,"href":"https:\/\/www.autismomalaga.org\/web\/index.php?rest_route=\/wp\/v2\/media\/2595"}],"wp:attachment":[{"href":"https:\/\/www.autismomalaga.org\/web\/index.php?rest_route=%2Fwp%2Fv2%2Fmedia&parent=2594"}],"wp:term":[{"taxonomy":"category","embeddable":true,"href":"https:\/\/www.autismomalaga.org\/web\/index.php?rest_route=%2Fwp%2Fv2%2Fcategories&post=2594"},{"taxonomy":"post_tag","embeddable":true,"href":"https:\/\/www.autismomalaga.org\/web\/index.php?rest_route=%2Fwp%2Fv2%2Ftags&post=2594"}],"curies":[{"name":"wp","href":"https:\/\/api.w.org\/{rel}","templated":true}]}}