{"id":4164,"date":"2021-01-12T23:39:32","date_gmt":"2021-01-12T22:39:32","guid":{"rendered":"http:\/\/www.autismomalaga.org\/web\/?p=4164"},"modified":"2025-04-24T07:41:20","modified_gmt":"2025-04-24T06:41:20","slug":"la-diputacion-vuelve-a-colaborar-con-la-asociacion-autismo-malaga-para-desarrollar-una-campana-de-concienciacion-en-pizarra","status":"publish","type":"post","link":"https:\/\/www.autismomalaga.org\/web\/?p=4164","title":{"rendered":"La Diputaci\u00f3n vuelve a colaborar con la Asociaci\u00f3n Autismo M\u00e1laga para desarrollar una campa\u00f1a de concienciaci\u00f3n en Pizarra."},"content":{"rendered":"\n<p>Se instalar\u00e1n pictogramas en diferentes espacios p\u00fablicos para sensibilizar sobre este trastorno neurobiol\u00f3gico y ayudar a su detecci\u00f3n precoz.<\/p>\n\n\n\n<p><\/p>\n\n\n\n<p>El municipio de Pizarra contar\u00e1 con pictogramas sobre el TEA en diferentes espacios p\u00fablicos como la biblioteca, el edifico de artes esc\u00e9nicas, aseos de los parques y salas de profesores, entre otros. Esta iniciativa se enmarca dentro del proyecto \u2018Conoce el TEA\u2019, en el que la Diputaci\u00f3n colabora con el Ayuntamiento de Pizarra y la Asociaci\u00f3n del Autismo de M\u00e1laga. El objetivo de la iniciativa es dar a conocer a trav\u00e9s de campa\u00f1as informativas, formativas y de sensibilizaci\u00f3n, este trastorno neurobiol\u00f3gico y ayudar a detenci\u00f3n precoz en los municipios de \u00c1lora, Pizarra, Almog\u00eda, Valle de Abdalaj\u00eds, Villanueva de la Concepci\u00f3n y Casabermeja.<\/p>\n\n\n\n<p>As\u00ed lo ha dado a conocer hoy lunes la vicepresidenta cuarta de la Diputaci\u00f3n de M\u00e1laga y diputada de Ciudadan\u00eda, Natacha Rivas, que ha presentado el proyecto junto al alcalde de Pizarra, F\u00e9lix Lozano, y el presidente de Autismo M\u00e1laga, Jos\u00e9 Reyes Ortega.<\/p>\n\n\n\n<p>Rivas ha expresado la importancia de esta iniciativa que est\u00e1 dirigida en especial a \u201clos profesionales del sector educativo, sanitario y social, que juegan un papel fundamental en la detecci\u00f3n precoz del trastorno y en su correcta atenci\u00f3n posterior\u201d.&nbsp;<\/p>\n\n\n\n<p>F\u00e9lix Lozano ha agradecido la labor de la Diputaci\u00f3n provincial y de la Asociaci\u00f3n de Autismo de M\u00e1laga, \u201cque siempre tienen los brazos abiertos para cualquier colectivo o asociaci\u00f3n\u201d, y ha explicado que esta iniciativa se enmarca dentro del lema del municipio \u2018Capaces de Todo\u2019, que refleja el car\u00e1cter inclusivo y solidario de la sociedad pizarre\u00f1a.<\/p>\n\n\n\n<p>Por su parte, Jos\u00e9 Reyes Ortega ha destacado \u00abla importancia de apoyar este tipo proyectos que atienden una necesidad latente, especialmente en los municipios con menos poblaci\u00f3n\u201d, y ha aclarado que los pictogramas \u201cno son colocados para verlos, sino que cumplen una labor de informaci\u00f3n, formaci\u00f3n y concienciaci\u00f3n\u201d.<\/p>\n\n\n\n<p>El proyecto est\u00e1 financiado con 20.000 euros a trav\u00e9s de la convocatoria de ayudas 2019 de la Diputaci\u00f3n de M\u00e1laga, en r\u00e9gimen de concurrencia competitiva, dirigida a entidades del tercer sector para la ejecuci\u00f3n de proyectos de atenci\u00f3n a la ciudadan\u00eda. La iniciativa cuenta con la colaboraci\u00f3n de los Ayuntamientos de \u00c1lora, Pizarra, Almog\u00eda, Valle de Abdalaj\u00eds, Villanueva de la Concepci\u00f3n y Casabermeja.<\/p>\n\n\n\n<p>El presidente de Autismo M\u00e1laga ha resaltado la necesidad de hacer frente al autismo, cuyas cifras alcanzan en M\u00e1laga m\u00e1s de 16.000 afectados, sin contabilizar personas sin diagnosticar que habitan en los municipios menores de 20.000 habitantes.<\/p>\n\n\n\n<p>La Asociaci\u00f3n de Autismo de M\u00e1laga&nbsp; cuenta con una trayectoria de 27 a\u00f1os. Comenz\u00f3 siendo una puesta en com\u00fan para buscar soluciones por parte de un grupo de padres y se ha convertido a d\u00eda de hoy en todo un referente en la atenci\u00f3n a personas con autismo, dando cobertura a m\u00e1s de 240 familias en la provincia.<\/p>\n","protected":false},"excerpt":{"rendered":"<p>Se instalar\u00e1n pictogramas en diferentes espacios p\u00fablicos para sensibilizar sobre este trastorno neurobiol\u00f3gico y ayudar a su detecci\u00f3n precoz. El municipio de Pizarra contar\u00e1 con pictogramas sobre el TEA en [&hellip;]<\/p>\n","protected":false},"author":1,"featured_media":4168,"comment_status":"closed","ping_status":"open","sticky":false,"template":"","format":"standard","meta":{"give_campaign_id":0,"ngg_post_thumbnail":0,"_EventAllDay":false,"_EventTimezone":"","_EventStartDate":"","_EventEndDate":"","_EventStartDateUTC":"","_EventEndDateUTC":"","_EventShowMap":false,"_EventShowMapLink":false,"_EventURL":"","_EventCost":"","_EventCostDescription":"","_EventCurrencySymbol":"","_EventCurrencyCode":"","_EventCurrencyPosition":"","_EventDateTimeSeparator":"","_EventTimeRangeSeparator":"","_EventOrganizerID":[],"_EventVenueID":[],"_OrganizerEmail":"","_OrganizerPhone":"","_OrganizerWebsite":"","_VenueAddress":"","_VenueCity":"","_VenueCountry":"","_VenueProvince":"","_VenueState":"","_VenueZip":"","_VenuePhone":"","_VenueURL":"","_VenueStateProvince":"","_VenueLat":"","_VenueLng":"","_VenueShowMap":false,"_VenueShowMapLink":false,"_jetpack_memberships_contains_paid_content":false,"footnotes":""},"categories":[6],"tags":[],"class_list":["post-4164","post","type-post","status-publish","format-standard","has-post-thumbnail","hentry","category-ultimas-noticias"],"jetpack_featured_media_url":"https:\/\/www.autismomalaga.org\/web\/wp-content\/uploads\/2021\/01\/arc_351351_g-1.jpg","jetpack_sharing_enabled":true,"_links":{"self":[{"href":"https:\/\/www.autismomalaga.org\/web\/index.php?rest_route=\/wp\/v2\/posts\/4164","targetHints":{"allow":["GET"]}}],"collection":[{"href":"https:\/\/www.autismomalaga.org\/web\/index.php?rest_route=\/wp\/v2\/posts"}],"about":[{"href":"https:\/\/www.autismomalaga.org\/web\/index.php?rest_route=\/wp\/v2\/types\/post"}],"author":[{"embeddable":true,"href":"https:\/\/www.autismomalaga.org\/web\/index.php?rest_route=\/wp\/v2\/users\/1"}],"replies":[{"embeddable":true,"href":"https:\/\/www.autismomalaga.org\/web\/index.php?rest_route=%2Fwp%2Fv2%2Fcomments&post=4164"}],"version-history":[{"count":3,"href":"https:\/\/www.autismomalaga.org\/web\/index.php?rest_route=\/wp\/v2\/posts\/4164\/revisions"}],"predecessor-version":[{"id":4175,"href":"https:\/\/www.autismomalaga.org\/web\/index.php?rest_route=\/wp\/v2\/posts\/4164\/revisions\/4175"}],"wp:featuredmedia":[{"embeddable":true,"href":"https:\/\/www.autismomalaga.org\/web\/index.php?rest_route=\/wp\/v2\/media\/4168"}],"wp:attachment":[{"href":"https:\/\/www.autismomalaga.org\/web\/index.php?rest_route=%2Fwp%2Fv2%2Fmedia&parent=4164"}],"wp:term":[{"taxonomy":"category","embeddable":true,"href":"https:\/\/www.autismomalaga.org\/web\/index.php?rest_route=%2Fwp%2Fv2%2Fcategories&post=4164"},{"taxonomy":"post_tag","embeddable":true,"href":"https:\/\/www.autismomalaga.org\/web\/index.php?rest_route=%2Fwp%2Fv2%2Ftags&post=4164"}],"curies":[{"name":"wp","href":"https:\/\/api.w.org\/{rel}","templated":true}]}}